{"id":891,"date":"2019-08-17T14:07:07","date_gmt":"2019-08-17T14:07:07","guid":{"rendered":"https:\/\/leichtathletik-in-frankenberg.de\/?p=891"},"modified":"2019-08-18T11:53:22","modified_gmt":"2019-08-18T11:53:22","slug":"gold-und-silber-bei-den-nordhessischen-vierkampf","status":"publish","type":"post","link":"https:\/\/leichtathletik-in-frankenberg.de\/?p=891","title":{"rendered":"Gold und Silber bei den Nordhessischen Vierkampf"},"content":{"rendered":"<p>Bei dem ersten Wettkampf auf der neuen Leichtathletik-Anlage in Willingen waren unsere Frankenberger Sportlerinnen und Sportler wieder mal erfolgreich!<\/p>\n<p>Am Vormittag ging ein weibliches Trio erfolgreich durch den Vierkampf!<\/p>\n<p><img loading=\"lazy\" decoding=\"async\" src=\"https:\/\/leichtathletik-in-frankenberg.de\/wp-content\/uploads\/2019\/08\/img_9122.jpg\" class=\"size-full wp-image-889\" width=\"4032\" height=\"3024\" srcset=\"https:\/\/leichtathletik-in-frankenberg.de\/wp-content\/uploads\/2019\/08\/img_9122.jpg 4032w, https:\/\/leichtathletik-in-frankenberg.de\/wp-content\/uploads\/2019\/08\/img_9122-300x225.jpg 300w, https:\/\/leichtathletik-in-frankenberg.de\/wp-content\/uploads\/2019\/08\/img_9122-768x576.jpg 768w, https:\/\/leichtathletik-in-frankenberg.de\/wp-content\/uploads\/2019\/08\/img_9122-1024x768.jpg 1024w, https:\/\/leichtathletik-in-frankenberg.de\/wp-content\/uploads\/2019\/08\/img_9122-400x300.jpg 400w\" sizes=\"auto, (max-width: 4032px) 100vw, 4032px\" \/>Anna-Lena B\u00f6hle (4,02m), Ida Scholl (3,72m) und Julia Stellwag (3,74m) starteten mit soliden Weitspr\u00fcngen. Abschlie\u00dfend ging es \u00fcber 75m gegen den Wind auf Punktejagd. Im Hochsprung musste Ida ohne g\u00fcltige H\u00f6he und ohne Punkte gewertet werden. Julia floppte erstmals \u00fcber 1,20m und damit zu neuer Bestleistung. Anna-Lena best\u00e4tigte Ihre Bestleistung von 1,36m aus Korbach und holte dabei wichtige Punkte.<\/p>\n<p>Der abschlie\u00dfende Ballwurf brachte f\u00fcr Anna-Lena die Vizemeisterschaft im Vierkampf. Ida lies trotz &#8222;Salto Nullo&#8220; im Hochsprung eine Teilnehmerin hinter sich.<\/p>\n<p>Julia belegte bei der W13 einen soliden siebten Platz!<\/p>\n<p>Als Mannschaft belegten die drei Damen den vierten Platz.<\/p>\n<p>Linus Dippel war der einzige m\u00e4nnliche Frankenberger. Bei seinem ersten Vierkampf konnte er in allen vier Disziplinen ordentliche Leistungen abrufen. Eine gute Grundlage f\u00fcr den Vierkampf in 4 Wochen in Allendorf!<\/p>\n<p><img loading=\"lazy\" decoding=\"async\" src=\"https:\/\/leichtathletik-in-frankenberg.de\/wp-content\/uploads\/2019\/08\/img_9124.jpg\" class=\"size-full wp-image-890\" width=\"2518\" height=\"2878\" srcset=\"https:\/\/leichtathletik-in-frankenberg.de\/wp-content\/uploads\/2019\/08\/img_9124.jpg 2518w, https:\/\/leichtathletik-in-frankenberg.de\/wp-content\/uploads\/2019\/08\/img_9124-262x300.jpg 262w, https:\/\/leichtathletik-in-frankenberg.de\/wp-content\/uploads\/2019\/08\/img_9124-768x878.jpg 768w, https:\/\/leichtathletik-in-frankenberg.de\/wp-content\/uploads\/2019\/08\/img_9124-896x1024.jpg 896w\" sizes=\"auto, (max-width: 2518px) 100vw, 2518px\" \/><\/p>\n<p>Bei den Sch\u00fclerinnen U16 starteten vier Damen aus der Trainingsgruppe.<\/p>\n<p>Emma (4,96m), Lillith (4,22m), Franka (3,55m) und Marie (3,53m) holten die ersten Punkte im Weitsprung. Emma holte dann wichtige Punkte im Kugelsto\u00dfen mit 11,44m. Lillith kam hier auf 6,05m. Franka stie\u00df 5,19m, Marie erreichte 5,07m.<\/p>\n<p>Der Sprint war wieder ein kleiner Kampf gegen den Wind. Emma sprintete mit 13,47sec eine gute Zeit. Lillith gewann ihren Lauf in 14,99sec. Marie erreichte 15,75sec und Franka 15,81sec.<\/p>\n<p>Der Hochsprung war die letzte Disziplin im Wettkampf. Hier kam Marie leider nicht mit dem Anlauf zurecht und kam ohne Punkte aus dem Wettkamp. Lillith erreichte 1,16m. Franka kam \u00fcber 1,24m. Emma floppte \u00fcber gute 1,48m und sicherte sich damit den ersten Platz und die Nordhessenmeisterschaft!<\/p>\n<p>In der Mannschaftswertung kamen Emma, Lillith und Franka auf den zweiten Platz!<\/p>\n","protected":false},"excerpt":{"rendered":"<p>Bei dem ersten Wettkampf auf der neuen Leichtathletik-Anlage in Willingen waren unsere Frankenberger Sportlerinnen und Sportler wieder mal erfolgreich! Am Vormittag ging ein weibliches Trio erfolgreich durch den Vierkampf! Anna-Lena B\u00f6hle (4,02m), Ida Scholl (3,72m) und Julia Stellwag (3,74m) starteten &hellip; <a href=\"https:\/\/leichtathletik-in-frankenberg.de\/?p=891\">Weiterlesen <span class=\"meta-nav\">&rarr;<\/span><\/a><\/p>\n","protected":false},"author":3,"featured_media":0,"comment_status":"open","ping_status":"open","sticky":false,"template":"","format":"standard","meta":{"_jetpack_memberships_contains_paid_content":false,"footnotes":""},"categories":[3,6],"tags":[],"class_list":["post-891","post","type-post","status-publish","format-standard","hentry","category-aktuelles-von-unseren-athleten","category-infos-zu-training-und-wettkaempfe"],"jetpack_featured_media_url":"","jetpack_sharing_enabled":true,"_links":{"self":[{"href":"https:\/\/leichtathletik-in-frankenberg.de\/index.php?rest_route=\/wp\/v2\/posts\/891","targetHints":{"allow":["GET"]}}],"collection":[{"href":"https:\/\/leichtathletik-in-frankenberg.de\/index.php?rest_route=\/wp\/v2\/posts"}],"about":[{"href":"https:\/\/leichtathletik-in-frankenberg.de\/index.php?rest_route=\/wp\/v2\/types\/post"}],"author":[{"embeddable":true,"href":"https:\/\/leichtathletik-in-frankenberg.de\/index.php?rest_route=\/wp\/v2\/users\/3"}],"replies":[{"embeddable":true,"href":"https:\/\/leichtathletik-in-frankenberg.de\/index.php?rest_route=%2Fwp%2Fv2%2Fcomments&post=891"}],"version-history":[{"count":1,"href":"https:\/\/leichtathletik-in-frankenberg.de\/index.php?rest_route=\/wp\/v2\/posts\/891\/revisions"}],"predecessor-version":[{"id":901,"href":"https:\/\/leichtathletik-in-frankenberg.de\/index.php?rest_route=\/wp\/v2\/posts\/891\/revisions\/901"}],"wp:attachment":[{"href":"https:\/\/leichtathletik-in-frankenberg.de\/index.php?rest_route=%2Fwp%2Fv2%2Fmedia&parent=891"}],"wp:term":[{"taxonomy":"category","embeddable":true,"href":"https:\/\/leichtathletik-in-frankenberg.de\/index.php?rest_route=%2Fwp%2Fv2%2Fcategories&post=891"},{"taxonomy":"post_tag","embeddable":true,"href":"https:\/\/leichtathletik-in-frankenberg.de\/index.php?rest_route=%2Fwp%2Fv2%2Ftags&post=891"}],"curies":[{"name":"wp","href":"https:\/\/api.w.org\/{rel}","templated":true}]}}