{"id":4381,"date":"2026-09-06T15:48:55","date_gmt":"2026-09-06T15:48:55","guid":{"rendered":"https:\/\/leichtathletik-in-frankenberg.de\/?p=4381"},"modified":"2026-09-06T16:09:27","modified_gmt":"2026-09-06T16:09:27","slug":"starker-frankenberger-laufnachwuchs-beim-stadtallendorfer-stadtlauf-lara-stein-gesamtsieg-bei-den-damen","status":"publish","type":"post","link":"https:\/\/leichtathletik-in-frankenberg.de\/?p=4381","title":{"rendered":"Starker Frankenberger Laufnachwuchs beim Stadtallendorfer Stadtlauf. Lara Stein Gesamtsieg bei den Damen."},"content":{"rendered":"\n<p class=\"wp-block-paragraph\">Frankenberg\/Stadtallendorf.&nbsp;Erfolgreich pr\u00e4sentierten sich junge L\u00e4uferinnen und L\u00e4ufer aus Frankenberg beim 38. Stadtallendorfer Stadtlauf. Auf der&nbsp;Stadtallendorfer B\u00e4renmeile \u00fcber 1.284 Meter&nbsp;galt es, drei Runden um den See des Parks zu absolvieren. Die Strecke war flach und gut vorbereitet, die Wertung erfolgte jahrgangsweise.<\/p>\n\n\n\n<figure class=\"wp-block-image size-large\"><img loading=\"lazy\" decoding=\"async\" width=\"1024\" height=\"768\" src=\"https:\/\/leichtathletik-in-frankenberg.de\/wp-content\/uploads\/2026\/09\/IMG_1298-1024x768.jpeg\" alt=\"\" class=\"wp-image-4382\" srcset=\"https:\/\/leichtathletik-in-frankenberg.de\/wp-content\/uploads\/2026\/09\/IMG_1298-1024x768.jpeg 1024w, https:\/\/leichtathletik-in-frankenberg.de\/wp-content\/uploads\/2026\/09\/IMG_1298-300x225.jpeg 300w, https:\/\/leichtathletik-in-frankenberg.de\/wp-content\/uploads\/2026\/09\/IMG_1298-768x576.jpeg 768w, https:\/\/leichtathletik-in-frankenberg.de\/wp-content\/uploads\/2026\/09\/IMG_1298-1536x1152.jpeg 1536w, https:\/\/leichtathletik-in-frankenberg.de\/wp-content\/uploads\/2026\/09\/IMG_1298-2048x1536.jpeg 2048w, https:\/\/leichtathletik-in-frankenberg.de\/wp-content\/uploads\/2026\/09\/IMG_1298-400x300.jpeg 400w\" sizes=\"auto, (max-width: 1024px) 100vw, 1024px\" \/><\/figure>\n\n\n\n<figure class=\"wp-block-image size-large\"><img loading=\"lazy\" decoding=\"async\" width=\"768\" height=\"1024\" src=\"https:\/\/leichtathletik-in-frankenberg.de\/wp-content\/uploads\/2026\/09\/IMG_1284-768x1024.jpeg\" alt=\"\" class=\"wp-image-4393\" srcset=\"https:\/\/leichtathletik-in-frankenberg.de\/wp-content\/uploads\/2026\/09\/IMG_1284-768x1024.jpeg 768w, https:\/\/leichtathletik-in-frankenberg.de\/wp-content\/uploads\/2026\/09\/IMG_1284-225x300.jpeg 225w, https:\/\/leichtathletik-in-frankenberg.de\/wp-content\/uploads\/2026\/09\/IMG_1284-1152x1536.jpeg 1152w, https:\/\/leichtathletik-in-frankenberg.de\/wp-content\/uploads\/2026\/09\/IMG_1284-1536x2048.jpeg 1536w, https:\/\/leichtathletik-in-frankenberg.de\/wp-content\/uploads\/2026\/09\/IMG_1284-scaled.jpeg 1920w\" sizes=\"auto, (max-width: 768px) 100vw, 768px\" \/><figcaption class=\"wp-element-caption\">Start zur B\u00e4renmeile &#8211; sehr starkes Teilnehmerfeld.<\/figcaption><\/figure>\n\n\n\n<p class=\"wp-block-paragraph\">F\u00fcr einen starken Auftakt aus Frankenberger Sicht sorgte&nbsp;Emmalou Brussmann. Die Nachwuchsl\u00e4uferin gewann die Wertung des&nbsp;Jahrgangs 2018&nbsp;in hervorragenden&nbsp;4:55 Minuten. Damit hatte sie im Ziel mehr als eine Minute Vorsprung auf die Zweitplatzierte.<\/p>\n\n\n\n<figure class=\"wp-block-image size-large\"><img loading=\"lazy\" decoding=\"async\" width=\"768\" height=\"1024\" src=\"https:\/\/leichtathletik-in-frankenberg.de\/wp-content\/uploads\/2026\/09\/4f1ae03a-1692-4d8a-ab93-38e719ca38bf-768x1024.jpg\" alt=\"\" class=\"wp-image-4383\" srcset=\"https:\/\/leichtathletik-in-frankenberg.de\/wp-content\/uploads\/2026\/09\/4f1ae03a-1692-4d8a-ab93-38e719ca38bf-768x1024.jpg 768w, https:\/\/leichtathletik-in-frankenberg.de\/wp-content\/uploads\/2026\/09\/4f1ae03a-1692-4d8a-ab93-38e719ca38bf-225x300.jpg 225w, https:\/\/leichtathletik-in-frankenberg.de\/wp-content\/uploads\/2026\/09\/4f1ae03a-1692-4d8a-ab93-38e719ca38bf.jpg 1086w\" sizes=\"auto, (max-width: 768px) 100vw, 768px\" \/><\/figure>\n\n\n\n<figure class=\"wp-block-image size-large is-resized\"><img loading=\"lazy\" decoding=\"async\" width=\"768\" height=\"1024\" src=\"https:\/\/leichtathletik-in-frankenberg.de\/wp-content\/uploads\/2026\/09\/IMG_1357-768x1024.jpeg\" alt=\"\" class=\"wp-image-4384\" style=\"aspect-ratio:0.7542997542997543;width:591px;height:auto\" srcset=\"https:\/\/leichtathletik-in-frankenberg.de\/wp-content\/uploads\/2026\/09\/IMG_1357-768x1024.jpeg 768w, https:\/\/leichtathletik-in-frankenberg.de\/wp-content\/uploads\/2026\/09\/IMG_1357-225x300.jpeg 225w, https:\/\/leichtathletik-in-frankenberg.de\/wp-content\/uploads\/2026\/09\/IMG_1357-1152x1536.jpeg 1152w, https:\/\/leichtathletik-in-frankenberg.de\/wp-content\/uploads\/2026\/09\/IMG_1357-1536x2048.jpeg 1536w, https:\/\/leichtathletik-in-frankenberg.de\/wp-content\/uploads\/2026\/09\/IMG_1357-scaled.jpeg 1920w\" sizes=\"auto, (max-width: 768px) 100vw, 768px\" \/><\/figure>\n\n\n\n<p class=\"wp-block-paragraph\">Einen weiteren Erfolg feierten die Frankenberger M\u00e4dchen des&nbsp;Jahrgangs 2016. Hier gelang dem TSV sogar ein kompletter&nbsp;Podest-Dreifacherfolg.&nbsp;Irmeli Heimermann&nbsp;setzte sich in&nbsp;5:16 Minuten&nbsp;an die Spitze der Altersklasse.&nbsp;Emma Freitag&nbsp;belegte in&nbsp;5:38 Minuten&nbsp;den zweiten Platz, gefolgt von&nbsp;Madleen Baumann, die mit&nbsp;5:37 Minuten Nettozeit&nbsp;Rang drei erreichte. Freitag und Baumann wurden beide mit einer Bruttozeit von 5:39 Minuten gef\u00fchrt.<\/p>\n\n\n\n<figure class=\"wp-block-image size-large\"><img loading=\"lazy\" decoding=\"async\" width=\"1024\" height=\"768\" src=\"https:\/\/leichtathletik-in-frankenberg.de\/wp-content\/uploads\/2026\/09\/961381ef-13d7-4726-aff7-705fd7da9828-1024x768.jpg\" alt=\"\" class=\"wp-image-4385\" srcset=\"https:\/\/leichtathletik-in-frankenberg.de\/wp-content\/uploads\/2026\/09\/961381ef-13d7-4726-aff7-705fd7da9828-1024x768.jpg 1024w, https:\/\/leichtathletik-in-frankenberg.de\/wp-content\/uploads\/2026\/09\/961381ef-13d7-4726-aff7-705fd7da9828-300x225.jpg 300w, https:\/\/leichtathletik-in-frankenberg.de\/wp-content\/uploads\/2026\/09\/961381ef-13d7-4726-aff7-705fd7da9828-768x576.jpg 768w, https:\/\/leichtathletik-in-frankenberg.de\/wp-content\/uploads\/2026\/09\/961381ef-13d7-4726-aff7-705fd7da9828-1536x1152.jpg 1536w, https:\/\/leichtathletik-in-frankenberg.de\/wp-content\/uploads\/2026\/09\/961381ef-13d7-4726-aff7-705fd7da9828-400x300.jpg 400w, https:\/\/leichtathletik-in-frankenberg.de\/wp-content\/uploads\/2026\/09\/961381ef-13d7-4726-aff7-705fd7da9828.jpg 1600w\" sizes=\"auto, (max-width: 1024px) 100vw, 1024px\" \/><\/figure>\n\n\n\n<p class=\"wp-block-paragraph\">Auch bei den Jungen des Jahrgangs 2016 stand ein Frankenberger ganz oben auf dem Siegerpodest.&nbsp;Matti Heimermann&nbsp;bew\u00e4ltigte die 1.284 Meter in starken&nbsp;5:02 Minuten&nbsp;und sicherte sich damit den Jahrgangssieg. Neun Sekunden trennten ihn in der Nettozeit vom Zweitplatzierten.<\/p>\n\n\n\n<figure class=\"wp-block-image size-large\"><img loading=\"lazy\" decoding=\"async\" width=\"768\" height=\"1024\" src=\"https:\/\/leichtathletik-in-frankenberg.de\/wp-content\/uploads\/2026\/09\/IMG_1368-768x1024.jpeg\" alt=\"\" class=\"wp-image-4386\" srcset=\"https:\/\/leichtathletik-in-frankenberg.de\/wp-content\/uploads\/2026\/09\/IMG_1368-768x1024.jpeg 768w, https:\/\/leichtathletik-in-frankenberg.de\/wp-content\/uploads\/2026\/09\/IMG_1368-225x300.jpeg 225w, https:\/\/leichtathletik-in-frankenberg.de\/wp-content\/uploads\/2026\/09\/IMG_1368-1152x1536.jpeg 1152w, https:\/\/leichtathletik-in-frankenberg.de\/wp-content\/uploads\/2026\/09\/IMG_1368-1536x2048.jpeg 1536w, https:\/\/leichtathletik-in-frankenberg.de\/wp-content\/uploads\/2026\/09\/IMG_1368-scaled.jpeg 1920w\" sizes=\"auto, (max-width: 768px) 100vw, 768px\" \/><\/figure>\n\n\n\n<p class=\"wp-block-paragraph\">Ebenfalls erfolgreich auf der B\u00e4renmeile unterwegs war&nbsp;Felix Stein, der f\u00fcr den&nbsp;F\u00f6rderverein Stab Division Schnelle Kr\u00e4fte e. V.&nbsp;an den Start ging. Im&nbsp;Jahrgang 2015&nbsp;erreichte er nach&nbsp;5:48 Minuten&nbsp;das Ziel und belegte damit einen guten&nbsp;vierten Platz. Seine Bruttozeit betrug 5:51 Minuten.<\/p>\n\n\n\n<p class=\"wp-block-paragraph\">Damit kann der Frankenberger Laufnachwuchs auf einen gelungenen Auftritt in Stadtallendorf zur\u00fcckblicken.&nbsp;Emmalou Brussmann, Irmeli Heimermann und Matti Heimermann feierten jeweils einen Jahrgangssieg, Emma Freitag und Madleen Baumann komplettierten mit ihren Podestpl\u00e4tzen die starke Bilanz des TSV Frankenberg. Mit dem vierten Platz von Felix Stein kam ein weiteres gutes Ergebnis eines jungen Frankenbergers hinzu.<\/p>\n\n\n\n<p class=\"wp-block-paragraph\">F\u00fcr den F\u00f6rderverein Stab Division Schnelle Kr\u00e4fte e. V., dessen Vorsitzender Frankenbergs Trainer Martin W\u00fcrz ist, gingen Lara Stein in der Altersklasse weibliche Jugend U18 und Lara Bornscheuer in der Altersklasse weibliche Jugend U20 an den Start. Lara Stein gewann nicht nur ihre Altersklasse \u00fcber 5000 Meter in 21:22 Minuten, sondern sicherte sich mit dieser starken Zeit auch den Gesamtsieg in der Damenwertung. Lara Bornscheuer startete in diesem Jahr erstmals \u00fcber diese Distanz und erreichte mit 26:06 Minuten den zweiten Platz in ihrer Altersklasse.<\/p>\n\n\n\n<figure class=\"wp-block-image size-large\"><img loading=\"lazy\" decoding=\"async\" width=\"768\" height=\"1024\" src=\"https:\/\/leichtathletik-in-frankenberg.de\/wp-content\/uploads\/2026\/09\/IMG_1319-768x1024.jpeg\" alt=\"\" class=\"wp-image-4387\" srcset=\"https:\/\/leichtathletik-in-frankenberg.de\/wp-content\/uploads\/2026\/09\/IMG_1319-768x1024.jpeg 768w, https:\/\/leichtathletik-in-frankenberg.de\/wp-content\/uploads\/2026\/09\/IMG_1319-225x300.jpeg 225w, https:\/\/leichtathletik-in-frankenberg.de\/wp-content\/uploads\/2026\/09\/IMG_1319-1152x1536.jpeg 1152w, https:\/\/leichtathletik-in-frankenberg.de\/wp-content\/uploads\/2026\/09\/IMG_1319-1536x2048.jpeg 1536w, https:\/\/leichtathletik-in-frankenberg.de\/wp-content\/uploads\/2026\/09\/IMG_1319-scaled.jpeg 1920w\" sizes=\"auto, (max-width: 768px) 100vw, 768px\" \/><\/figure>\n\n\n\n<figure class=\"wp-block-image size-large\"><img loading=\"lazy\" decoding=\"async\" width=\"768\" height=\"1024\" src=\"https:\/\/leichtathletik-in-frankenberg.de\/wp-content\/uploads\/2026\/09\/IMG_1320-768x1024.jpeg\" alt=\"\" class=\"wp-image-4388\" srcset=\"https:\/\/leichtathletik-in-frankenberg.de\/wp-content\/uploads\/2026\/09\/IMG_1320-768x1024.jpeg 768w, https:\/\/leichtathletik-in-frankenberg.de\/wp-content\/uploads\/2026\/09\/IMG_1320-225x300.jpeg 225w, https:\/\/leichtathletik-in-frankenberg.de\/wp-content\/uploads\/2026\/09\/IMG_1320-1152x1536.jpeg 1152w, https:\/\/leichtathletik-in-frankenberg.de\/wp-content\/uploads\/2026\/09\/IMG_1320-1536x2048.jpeg 1536w, https:\/\/leichtathletik-in-frankenberg.de\/wp-content\/uploads\/2026\/09\/IMG_1320-scaled.jpeg 1920w\" sizes=\"auto, (max-width: 768px) 100vw, 768px\" \/><\/figure>\n\n\n\n<figure class=\"wp-block-image size-large\"><img loading=\"lazy\" decoding=\"async\" width=\"472\" height=\"1024\" src=\"https:\/\/leichtathletik-in-frankenberg.de\/wp-content\/uploads\/2026\/09\/IMG_1388-472x1024.png\" alt=\"\" class=\"wp-image-4390\" srcset=\"https:\/\/leichtathletik-in-frankenberg.de\/wp-content\/uploads\/2026\/09\/IMG_1388-472x1024.png 472w, https:\/\/leichtathletik-in-frankenberg.de\/wp-content\/uploads\/2026\/09\/IMG_1388-138x300.png 138w, https:\/\/leichtathletik-in-frankenberg.de\/wp-content\/uploads\/2026\/09\/IMG_1388-768x1665.png 768w, https:\/\/leichtathletik-in-frankenberg.de\/wp-content\/uploads\/2026\/09\/IMG_1388-709x1536.png 709w, https:\/\/leichtathletik-in-frankenberg.de\/wp-content\/uploads\/2026\/09\/IMG_1388-945x2048.png 945w, https:\/\/leichtathletik-in-frankenberg.de\/wp-content\/uploads\/2026\/09\/IMG_1388-scaled.png 1181w\" sizes=\"auto, (max-width: 472px) 100vw, 472px\" \/><\/figure>\n\n\n\n<figure class=\"wp-block-image size-large\"><img loading=\"lazy\" decoding=\"async\" width=\"472\" height=\"1024\" src=\"https:\/\/leichtathletik-in-frankenberg.de\/wp-content\/uploads\/2026\/09\/IMG_1389-472x1024.png\" alt=\"\" class=\"wp-image-4391\" srcset=\"https:\/\/leichtathletik-in-frankenberg.de\/wp-content\/uploads\/2026\/09\/IMG_1389-472x1024.png 472w, https:\/\/leichtathletik-in-frankenberg.de\/wp-content\/uploads\/2026\/09\/IMG_1389-138x300.png 138w, https:\/\/leichtathletik-in-frankenberg.de\/wp-content\/uploads\/2026\/09\/IMG_1389-768x1665.png 768w, https:\/\/leichtathletik-in-frankenberg.de\/wp-content\/uploads\/2026\/09\/IMG_1389-709x1536.png 709w, https:\/\/leichtathletik-in-frankenberg.de\/wp-content\/uploads\/2026\/09\/IMG_1389-945x2048.png 945w, https:\/\/leichtathletik-in-frankenberg.de\/wp-content\/uploads\/2026\/09\/IMG_1389-scaled.png 1181w\" sizes=\"auto, (max-width: 472px) 100vw, 472px\" \/><\/figure>\n","protected":false},"excerpt":{"rendered":"<p>Frankenberg\/Stadtallendorf.&nbsp;Erfolgreich pr\u00e4sentierten sich junge L\u00e4uferinnen und L\u00e4ufer aus Frankenberg beim 38. Stadtallendorfer Stadtlauf. Auf der&nbsp;Stadtallendorfer B\u00e4renmeile \u00fcber 1.284 Meter&nbsp;galt es, drei Runden um den See des Parks zu absolvieren. Die Strecke war flach und gut vorbereitet, die Wertung erfolgte jahrgangsweise. &hellip; <a href=\"https:\/\/leichtathletik-in-frankenberg.de\/?p=4381\">Weiterlesen <span class=\"meta-nav\">&rarr;<\/span><\/a><\/p>\n","protected":false},"author":5,"featured_media":0,"comment_status":"open","ping_status":"open","sticky":false,"template":"","format":"standard","meta":{"_jetpack_memberships_contains_paid_content":false,"footnotes":""},"categories":[1],"tags":[],"class_list":["post-4381","post","type-post","status-publish","format-standard","hentry","category-uncategorized"],"jetpack_featured_media_url":"","jetpack_sharing_enabled":true,"_links":{"self":[{"href":"https:\/\/leichtathletik-in-frankenberg.de\/index.php?rest_route=\/wp\/v2\/posts\/4381","targetHints":{"allow":["GET"]}}],"collection":[{"href":"https:\/\/leichtathletik-in-frankenberg.de\/index.php?rest_route=\/wp\/v2\/posts"}],"about":[{"href":"https:\/\/leichtathletik-in-frankenberg.de\/index.php?rest_route=\/wp\/v2\/types\/post"}],"author":[{"embeddable":true,"href":"https:\/\/leichtathletik-in-frankenberg.de\/index.php?rest_route=\/wp\/v2\/users\/5"}],"replies":[{"embeddable":true,"href":"https:\/\/leichtathletik-in-frankenberg.de\/index.php?rest_route=%2Fwp%2Fv2%2Fcomments&post=4381"}],"version-history":[{"count":4,"href":"https:\/\/leichtathletik-in-frankenberg.de\/index.php?rest_route=\/wp\/v2\/posts\/4381\/revisions"}],"predecessor-version":[{"id":4395,"href":"https:\/\/leichtathletik-in-frankenberg.de\/index.php?rest_route=\/wp\/v2\/posts\/4381\/revisions\/4395"}],"wp:attachment":[{"href":"https:\/\/leichtathletik-in-frankenberg.de\/index.php?rest_route=%2Fwp%2Fv2%2Fmedia&parent=4381"}],"wp:term":[{"taxonomy":"category","embeddable":true,"href":"https:\/\/leichtathletik-in-frankenberg.de\/index.php?rest_route=%2Fwp%2Fv2%2Fcategories&post=4381"},{"taxonomy":"post_tag","embeddable":true,"href":"https:\/\/leichtathletik-in-frankenberg.de\/index.php?rest_route=%2Fwp%2Fv2%2Ftags&post=4381"}],"curies":[{"name":"wp","href":"https:\/\/api.w.org\/{rel}","templated":true}]}}