{"id":4377,"date":"2026-09-06T15:24:48","date_gmt":"2026-09-06T15:24:48","guid":{"rendered":"https:\/\/leichtathletik-in-frankenberg.de\/?p=4377"},"modified":"2026-09-06T15:37:08","modified_gmt":"2026-09-06T15:37:08","slug":"linus-wirf-bestweite-in-der-u18","status":"publish","type":"post","link":"https:\/\/leichtathletik-in-frankenberg.de\/?p=4377","title":{"rendered":"Linus wirf Bestweite in der U18"},"content":{"rendered":"\n<p class=\"wp-block-paragraph\">Beim Sommerfest in Blomberg erzielte Linus mit 51,71m eine neue Bestweite und damit auch die gr\u00f6\u00dfte Tagesweite.<\/p>\n\n\n\n<figure class=\"wp-block-image size-large\"><img loading=\"lazy\" decoding=\"async\" width=\"710\" height=\"1024\" src=\"https:\/\/leichtathletik-in-frankenberg.de\/wp-content\/uploads\/2026\/09\/aee0fc69-335c-4464-a0fb-4ac7324ed4f2-710x1024.jpg\" alt=\"\" class=\"wp-image-4375\" srcset=\"https:\/\/leichtathletik-in-frankenberg.de\/wp-content\/uploads\/2026\/09\/aee0fc69-335c-4464-a0fb-4ac7324ed4f2-710x1024.jpg 710w, https:\/\/leichtathletik-in-frankenberg.de\/wp-content\/uploads\/2026\/09\/aee0fc69-335c-4464-a0fb-4ac7324ed4f2-208x300.jpg 208w, https:\/\/leichtathletik-in-frankenberg.de\/wp-content\/uploads\/2026\/09\/aee0fc69-335c-4464-a0fb-4ac7324ed4f2-768x1108.jpg 768w, https:\/\/leichtathletik-in-frankenberg.de\/wp-content\/uploads\/2026\/09\/aee0fc69-335c-4464-a0fb-4ac7324ed4f2.jpg 986w\" sizes=\"auto, (max-width: 710px) 100vw, 710px\" \/><figcaption class=\"wp-element-caption\">Einen guten Wurf erwischt!<\/figcaption><\/figure>\n\n\n\n<p class=\"wp-block-paragraph\">Der 1,5-Kilo-Diskus flog auf 43,70m. Die Kugel landete heute nochmal bei 13,53m.<\/p>\n\n\n\n<figure class=\"wp-block-image size-large\"><img loading=\"lazy\" decoding=\"async\" width=\"576\" height=\"1024\" src=\"https:\/\/leichtathletik-in-frankenberg.de\/wp-content\/uploads\/2026\/09\/04eb4323-4d9a-46e6-97f5-768d880273b3-576x1024.jpg\" alt=\"\" class=\"wp-image-4376\" srcset=\"https:\/\/leichtathletik-in-frankenberg.de\/wp-content\/uploads\/2026\/09\/04eb4323-4d9a-46e6-97f5-768d880273b3-576x1024.jpg 576w, https:\/\/leichtathletik-in-frankenberg.de\/wp-content\/uploads\/2026\/09\/04eb4323-4d9a-46e6-97f5-768d880273b3-169x300.jpg 169w, https:\/\/leichtathletik-in-frankenberg.de\/wp-content\/uploads\/2026\/09\/04eb4323-4d9a-46e6-97f5-768d880273b3-768x1365.jpg 768w, https:\/\/leichtathletik-in-frankenberg.de\/wp-content\/uploads\/2026\/09\/04eb4323-4d9a-46e6-97f5-768d880273b3-864x1536.jpg 864w, https:\/\/leichtathletik-in-frankenberg.de\/wp-content\/uploads\/2026\/09\/04eb4323-4d9a-46e6-97f5-768d880273b3.jpg 1125w\" sizes=\"auto, (max-width: 576px) 100vw, 576px\" \/><figcaption class=\"wp-element-caption\">Nach dem Abwurf hei\u00dft es abfangen! <\/figcaption><\/figure>\n\n\n\n<p class=\"wp-block-paragraph\">Jetzt hei\u00dft es Pause und dann st\u00e4rken f\u00fcr die neue Saison!<\/p>\n","protected":false},"excerpt":{"rendered":"<p>Beim Sommerfest in Blomberg erzielte Linus mit 51,71m eine neue Bestweite und damit auch die gr\u00f6\u00dfte Tagesweite. Der 1,5-Kilo-Diskus flog auf 43,70m. Die Kugel landete heute nochmal bei 13,53m. Jetzt hei\u00dft es Pause und dann st\u00e4rken f\u00fcr die neue Saison!<\/p>\n","protected":false},"author":3,"featured_media":0,"comment_status":"open","ping_status":"open","sticky":false,"template":"","format":"standard","meta":{"_jetpack_memberships_contains_paid_content":false,"footnotes":""},"categories":[3,5,6],"tags":[],"class_list":["post-4377","post","type-post","status-publish","format-standard","hentry","category-aktuelles-von-unseren-athleten","category-infos-von-der-abteilung","category-infos-zu-training-und-wettkaempfe"],"jetpack_featured_media_url":"","jetpack_sharing_enabled":true,"_links":{"self":[{"href":"https:\/\/leichtathletik-in-frankenberg.de\/index.php?rest_route=\/wp\/v2\/posts\/4377","targetHints":{"allow":["GET"]}}],"collection":[{"href":"https:\/\/leichtathletik-in-frankenberg.de\/index.php?rest_route=\/wp\/v2\/posts"}],"about":[{"href":"https:\/\/leichtathletik-in-frankenberg.de\/index.php?rest_route=\/wp\/v2\/types\/post"}],"author":[{"embeddable":true,"href":"https:\/\/leichtathletik-in-frankenberg.de\/index.php?rest_route=\/wp\/v2\/users\/3"}],"replies":[{"embeddable":true,"href":"https:\/\/leichtathletik-in-frankenberg.de\/index.php?rest_route=%2Fwp%2Fv2%2Fcomments&post=4377"}],"version-history":[{"count":2,"href":"https:\/\/leichtathletik-in-frankenberg.de\/index.php?rest_route=\/wp\/v2\/posts\/4377\/revisions"}],"predecessor-version":[{"id":4379,"href":"https:\/\/leichtathletik-in-frankenberg.de\/index.php?rest_route=\/wp\/v2\/posts\/4377\/revisions\/4379"}],"wp:attachment":[{"href":"https:\/\/leichtathletik-in-frankenberg.de\/index.php?rest_route=%2Fwp%2Fv2%2Fmedia&parent=4377"}],"wp:term":[{"taxonomy":"category","embeddable":true,"href":"https:\/\/leichtathletik-in-frankenberg.de\/index.php?rest_route=%2Fwp%2Fv2%2Fcategories&post=4377"},{"taxonomy":"post_tag","embeddable":true,"href":"https:\/\/leichtathletik-in-frankenberg.de\/index.php?rest_route=%2Fwp%2Fv2%2Ftags&post=4377"}],"curies":[{"name":"wp","href":"https:\/\/api.w.org\/{rel}","templated":true}]}}