{"id":4372,"date":"2026-09-05T21:05:14","date_gmt":"2026-09-05T21:05:14","guid":{"rendered":"https:\/\/leichtathletik-in-frankenberg.de\/?p=4372"},"modified":"2026-09-05T21:05:14","modified_gmt":"2026-09-05T21:05:14","slug":"starker-nachwuchs-des-tsv-frankenberg-beim-bergheimer-ederauenlauf","status":"publish","type":"post","link":"https:\/\/leichtathletik-in-frankenberg.de\/?p=4372","title":{"rendered":"Starker Nachwuchs des TSV Frankenberg beim Bergheimer Ederauenlauf"},"content":{"rendered":"\n<p class=\"wp-block-paragraph\">Beim heutigen\u00a021. Bergheimer Ederauenlauf, der zugleich zum\u00a0Laufcup Waldeck\u00a0z\u00e4hlt, gingen drei junge Athletinnen des TSV Frankenberg \u00fcber die 1.000-Meter-Distanz an den Start. Dabei konnten die Nachwuchsl\u00e4uferinnen mit einem Sieg und weiteren guten Platzierungen \u00fcberzeugen.<\/p>\n\n\n\n<p class=\"wp-block-paragraph\">F\u00fcr das herausragende Ergebnis aus Frankenberger Sicht sorgte die j\u00fcngste Starterin\u00a0Emmalou Brussmann. Die Jahrgang-2018-Athletin trat in der Altersklasse\u00a0W8\u00a0an und zeigte von Beginn an einen starken Lauf. Nach\u00a03:52 Minuten\u00a0\u00fcberquerte sie als Erste die Ziellinie und sicherte sich damit souver\u00e4n den\u00a0Sieg in ihrer Altersklasse. Ihr Vorsprung auf die Zweitplatzierte betrug dabei beachtliche 20 Sekunden.<\/p>\n\n\n\n<p class=\"wp-block-paragraph\">In der Altersklasse\u00a0W10\u00a0war der TSV Frankenberg gleich mit zwei L\u00e4uferinnen vertreten.\u00a0Emma Freitag\u00a0zeigte \u00fcber die gesamte Strecke eine konstante Leistung. In einem gut besetzten Teilnehmerfeld erreichte sie nach\u00a04:28 Minuten\u00a0das Ziel und belegte damit einen starken\u00a0vierten Platz. Nur acht Sekunden trennten sie am Ende von einem Podestplatz.<\/p>\n\n\n\n<p class=\"wp-block-paragraph\">Ebenfalls in der W10 ging\u00a0Madleen Baumann\u00a0f\u00fcr den TSV an den Start. Sie bew\u00e4ltigte die 1.000 Meter in\u00a05:11 Minuten\u00a0und erreichte damit den\u00a0neunten Platz.<\/p>\n\n\n\n<p class=\"wp-block-paragraph\">Mit dem Altersklassensieg von Emmalou Brussmann sowie den guten Leistungen von Emma Freitag und Madleen Baumann kann der Nachwuchs des\u00a0TSV Frankenberg\u00a0auf einen gelungenen Wettkampftag in Bergheim zur\u00fcckblicken.<\/p>\n\n\n\n<figure class=\"wp-block-image size-large\"><img loading=\"lazy\" decoding=\"async\" width=\"768\" height=\"1024\" src=\"https:\/\/leichtathletik-in-frankenberg.de\/wp-content\/uploads\/2026\/09\/90217f54-6fbf-4ffc-a8df-3a6fa69d3c1b-768x1024.jpeg\" alt=\"\" class=\"wp-image-4373\" srcset=\"https:\/\/leichtathletik-in-frankenberg.de\/wp-content\/uploads\/2026\/09\/90217f54-6fbf-4ffc-a8df-3a6fa69d3c1b-768x1024.jpeg 768w, https:\/\/leichtathletik-in-frankenberg.de\/wp-content\/uploads\/2026\/09\/90217f54-6fbf-4ffc-a8df-3a6fa69d3c1b-225x300.jpeg 225w, https:\/\/leichtathletik-in-frankenberg.de\/wp-content\/uploads\/2026\/09\/90217f54-6fbf-4ffc-a8df-3a6fa69d3c1b-1152x1536.jpeg 1152w, https:\/\/leichtathletik-in-frankenberg.de\/wp-content\/uploads\/2026\/09\/90217f54-6fbf-4ffc-a8df-3a6fa69d3c1b.jpeg 1200w\" sizes=\"auto, (max-width: 768px) 100vw, 768px\" \/><\/figure>\n","protected":false},"excerpt":{"rendered":"<p>Beim heutigen\u00a021. Bergheimer Ederauenlauf, der zugleich zum\u00a0Laufcup Waldeck\u00a0z\u00e4hlt, gingen drei junge Athletinnen des TSV Frankenberg \u00fcber die 1.000-Meter-Distanz an den Start. Dabei konnten die Nachwuchsl\u00e4uferinnen mit einem Sieg und weiteren guten Platzierungen \u00fcberzeugen. F\u00fcr das herausragende Ergebnis aus Frankenberger Sicht &hellip; <a href=\"https:\/\/leichtathletik-in-frankenberg.de\/?p=4372\">Weiterlesen <span class=\"meta-nav\">&rarr;<\/span><\/a><\/p>\n","protected":false},"author":5,"featured_media":0,"comment_status":"open","ping_status":"open","sticky":false,"template":"","format":"standard","meta":{"_jetpack_memberships_contains_paid_content":false,"footnotes":""},"categories":[1],"tags":[],"class_list":["post-4372","post","type-post","status-publish","format-standard","hentry","category-uncategorized"],"jetpack_featured_media_url":"","jetpack_sharing_enabled":true,"_links":{"self":[{"href":"https:\/\/leichtathletik-in-frankenberg.de\/index.php?rest_route=\/wp\/v2\/posts\/4372","targetHints":{"allow":["GET"]}}],"collection":[{"href":"https:\/\/leichtathletik-in-frankenberg.de\/index.php?rest_route=\/wp\/v2\/posts"}],"about":[{"href":"https:\/\/leichtathletik-in-frankenberg.de\/index.php?rest_route=\/wp\/v2\/types\/post"}],"author":[{"embeddable":true,"href":"https:\/\/leichtathletik-in-frankenberg.de\/index.php?rest_route=\/wp\/v2\/users\/5"}],"replies":[{"embeddable":true,"href":"https:\/\/leichtathletik-in-frankenberg.de\/index.php?rest_route=%2Fwp%2Fv2%2Fcomments&post=4372"}],"version-history":[{"count":1,"href":"https:\/\/leichtathletik-in-frankenberg.de\/index.php?rest_route=\/wp\/v2\/posts\/4372\/revisions"}],"predecessor-version":[{"id":4374,"href":"https:\/\/leichtathletik-in-frankenberg.de\/index.php?rest_route=\/wp\/v2\/posts\/4372\/revisions\/4374"}],"wp:attachment":[{"href":"https:\/\/leichtathletik-in-frankenberg.de\/index.php?rest_route=%2Fwp%2Fv2%2Fmedia&parent=4372"}],"wp:term":[{"taxonomy":"category","embeddable":true,"href":"https:\/\/leichtathletik-in-frankenberg.de\/index.php?rest_route=%2Fwp%2Fv2%2Fcategories&post=4372"},{"taxonomy":"post_tag","embeddable":true,"href":"https:\/\/leichtathletik-in-frankenberg.de\/index.php?rest_route=%2Fwp%2Fv2%2Ftags&post=4372"}],"curies":[{"name":"wp","href":"https:\/\/api.w.org\/{rel}","templated":true}]}}