{"id":4005,"date":"2026-04-30T16:59:07","date_gmt":"2026-04-30T16:59:07","guid":{"rendered":"https:\/\/leichtathletik-in-frankenberg.de\/?p=4005"},"modified":"2026-04-30T16:59:07","modified_gmt":"2026-04-30T16:59:07","slug":"emmalou-brussmann-und-emma-freitag-starteten-im-rahmen-des-laufcups-waldeck-frankenberg-in-voehl","status":"publish","type":"post","link":"https:\/\/leichtathletik-in-frankenberg.de\/?p=4005","title":{"rendered":"Emmalou Brussmann und Emma Freitag starteten im Rahmen des Laufcups Waldeck Frankenberg in V\u00f6hl"},"content":{"rendered":"\n<p>Beim heutigen Wertungslauf des Laufcups Waldeck-Frankenberg in V\u00f6hl zeigten die Nachwuchsl\u00e4uferinnen des TSV Frankenberg eindrucksvoll, was mit Trainingsflei\u00df, Mut und echter Freude am Sport m\u00f6glich ist. \u00dcber 1200 Meter gingen Emmalou Brussmann und Emma Freitag an den Start \u2013 hochkonzentriert, bestens vorbereitet und mit dem klaren Ziel, ihr K\u00f6nnen auf der Strecke zu best\u00e4tigen.<\/p>\n\n\n\n<figure class=\"wp-block-image size-large\"><img loading=\"lazy\" decoding=\"async\" width=\"768\" height=\"1024\" src=\"https:\/\/leichtathletik-in-frankenberg.de\/wp-content\/uploads\/2026\/04\/1b0614c6-14fd-4e6a-9f80-5b479754a78d-768x1024.jpg\" alt=\"\" class=\"wp-image-4006\" srcset=\"https:\/\/leichtathletik-in-frankenberg.de\/wp-content\/uploads\/2026\/04\/1b0614c6-14fd-4e6a-9f80-5b479754a78d-768x1024.jpg 768w, https:\/\/leichtathletik-in-frankenberg.de\/wp-content\/uploads\/2026\/04\/1b0614c6-14fd-4e6a-9f80-5b479754a78d-225x300.jpg 225w, https:\/\/leichtathletik-in-frankenberg.de\/wp-content\/uploads\/2026\/04\/1b0614c6-14fd-4e6a-9f80-5b479754a78d-1152x1536.jpg 1152w, https:\/\/leichtathletik-in-frankenberg.de\/wp-content\/uploads\/2026\/04\/1b0614c6-14fd-4e6a-9f80-5b479754a78d.jpg 1536w\" sizes=\"auto, (max-width: 768px) 100vw, 768px\" \/><\/figure>\n\n\n\n<p>Emmalou Brussmann startete in der Altersklasse U10 W8 und lieferte vom ersten Meter an ein beherztes Rennen. Mit konstantem Tempo, kluger Einteilung und sp\u00fcrbarer Entschlossenheit setzte sie sich an die Spitze des Feldes \u2013 und lie\u00df keinen Zweifel daran, dass sie heute ganz nach vorn wollte. Am Ende \u00fcberquerte sie als Siegerin die Ziellinie und sicherte sich verdient den 1. Platz, mit einem Vorsprung von 40 Sekunden auf die Zweitplatzierte. Eine starke Leistung, die Mut macht f\u00fcr alles, was noch kommt.<\/p>\n\n\n\n<figure class=\"wp-block-image size-large\"><img loading=\"lazy\" decoding=\"async\" width=\"768\" height=\"1024\" src=\"https:\/\/leichtathletik-in-frankenberg.de\/wp-content\/uploads\/2026\/04\/0d62353f-7a1f-497b-b114-0abb746049de-768x1024.jpg\" alt=\"\" class=\"wp-image-4007\" srcset=\"https:\/\/leichtathletik-in-frankenberg.de\/wp-content\/uploads\/2026\/04\/0d62353f-7a1f-497b-b114-0abb746049de-768x1024.jpg 768w, https:\/\/leichtathletik-in-frankenberg.de\/wp-content\/uploads\/2026\/04\/0d62353f-7a1f-497b-b114-0abb746049de-225x300.jpg 225w, https:\/\/leichtathletik-in-frankenberg.de\/wp-content\/uploads\/2026\/04\/0d62353f-7a1f-497b-b114-0abb746049de-1152x1536.jpg 1152w, https:\/\/leichtathletik-in-frankenberg.de\/wp-content\/uploads\/2026\/04\/0d62353f-7a1f-497b-b114-0abb746049de.jpg 1536w\" sizes=\"auto, (max-width: 768px) 100vw, 768px\" \/><\/figure>\n\n\n\n<p>Auch Emma Freitag (U12 W10) ging hochmotiviert in ihren Lauf und zeigte, dass sie sich in den letzten Wochen Schritt f\u00fcr Schritt weiterentwickelt hat. Sie lief engagiert, k\u00e4mpfte bis ins Ziel und erreichte eine sehr gute Platzierung in einem gro\u00dfen Teilnehmerfeld (Platz 5). Dieser Auftritt unterstreicht, wie viel Potenzial in ihr steckt \u2013 und dass sich konsequentes Training auszahlt.<\/p>\n\n\n\n<figure class=\"wp-block-image size-large\"><img loading=\"lazy\" decoding=\"async\" width=\"768\" height=\"1024\" src=\"https:\/\/leichtathletik-in-frankenberg.de\/wp-content\/uploads\/2026\/04\/e02720a5-46bb-4e49-8bd1-ad39b5111db7-768x1024.jpg\" alt=\"\" class=\"wp-image-4008\" srcset=\"https:\/\/leichtathletik-in-frankenberg.de\/wp-content\/uploads\/2026\/04\/e02720a5-46bb-4e49-8bd1-ad39b5111db7-768x1024.jpg 768w, https:\/\/leichtathletik-in-frankenberg.de\/wp-content\/uploads\/2026\/04\/e02720a5-46bb-4e49-8bd1-ad39b5111db7-225x300.jpg 225w, https:\/\/leichtathletik-in-frankenberg.de\/wp-content\/uploads\/2026\/04\/e02720a5-46bb-4e49-8bd1-ad39b5111db7-1152x1536.jpg 1152w, https:\/\/leichtathletik-in-frankenberg.de\/wp-content\/uploads\/2026\/04\/e02720a5-46bb-4e49-8bd1-ad39b5111db7.jpg 1200w\" sizes=\"auto, (max-width: 768px) 100vw, 768px\" \/><\/figure>\n\n\n\n<p>Die Leistungen beider L\u00e4uferinnen spiegeln die intensive Trainingsarbeit der letzten Wochen wider \u2013 und sind ein richtig erfreuliches Zeichen f\u00fcr die Nachwuchsarbeit des TSV Frankenberg. Genau diese Mischung aus Einsatz, Teamgeist und Freude am Wettkampf macht Lust auf die n\u00e4chsten Starts im Laufcup. Weiter so!<\/p>\n","protected":false},"excerpt":{"rendered":"<p>Beim heutigen Wertungslauf des Laufcups Waldeck-Frankenberg in V\u00f6hl zeigten die Nachwuchsl\u00e4uferinnen des TSV Frankenberg eindrucksvoll, was mit Trainingsflei\u00df, Mut und echter Freude am Sport m\u00f6glich ist. \u00dcber 1200 Meter gingen Emmalou Brussmann und Emma Freitag an den Start \u2013 hochkonzentriert, &hellip; <a href=\"https:\/\/leichtathletik-in-frankenberg.de\/?p=4005\">Weiterlesen <span class=\"meta-nav\">&rarr;<\/span><\/a><\/p>\n","protected":false},"author":5,"featured_media":4006,"comment_status":"open","ping_status":"open","sticky":false,"template":"","format":"standard","meta":{"_jetpack_memberships_contains_paid_content":false,"footnotes":""},"categories":[1],"tags":[],"class_list":["post-4005","post","type-post","status-publish","format-standard","has-post-thumbnail","hentry","category-uncategorized"],"jetpack_featured_media_url":"https:\/\/leichtathletik-in-frankenberg.de\/wp-content\/uploads\/2026\/04\/1b0614c6-14fd-4e6a-9f80-5b479754a78d.jpg","jetpack_sharing_enabled":true,"_links":{"self":[{"href":"https:\/\/leichtathletik-in-frankenberg.de\/index.php?rest_route=\/wp\/v2\/posts\/4005","targetHints":{"allow":["GET"]}}],"collection":[{"href":"https:\/\/leichtathletik-in-frankenberg.de\/index.php?rest_route=\/wp\/v2\/posts"}],"about":[{"href":"https:\/\/leichtathletik-in-frankenberg.de\/index.php?rest_route=\/wp\/v2\/types\/post"}],"author":[{"embeddable":true,"href":"https:\/\/leichtathletik-in-frankenberg.de\/index.php?rest_route=\/wp\/v2\/users\/5"}],"replies":[{"embeddable":true,"href":"https:\/\/leichtathletik-in-frankenberg.de\/index.php?rest_route=%2Fwp%2Fv2%2Fcomments&post=4005"}],"version-history":[{"count":1,"href":"https:\/\/leichtathletik-in-frankenberg.de\/index.php?rest_route=\/wp\/v2\/posts\/4005\/revisions"}],"predecessor-version":[{"id":4009,"href":"https:\/\/leichtathletik-in-frankenberg.de\/index.php?rest_route=\/wp\/v2\/posts\/4005\/revisions\/4009"}],"wp:featuredmedia":[{"embeddable":true,"href":"https:\/\/leichtathletik-in-frankenberg.de\/index.php?rest_route=\/wp\/v2\/media\/4006"}],"wp:attachment":[{"href":"https:\/\/leichtathletik-in-frankenberg.de\/index.php?rest_route=%2Fwp%2Fv2%2Fmedia&parent=4005"}],"wp:term":[{"taxonomy":"category","embeddable":true,"href":"https:\/\/leichtathletik-in-frankenberg.de\/index.php?rest_route=%2Fwp%2Fv2%2Fcategories&post=4005"},{"taxonomy":"post_tag","embeddable":true,"href":"https:\/\/leichtathletik-in-frankenberg.de\/index.php?rest_route=%2Fwp%2Fv2%2Ftags&post=4005"}],"curies":[{"name":"wp","href":"https:\/\/api.w.org\/{rel}","templated":true}]}}