{"id":4001,"date":"2026-04-26T16:46:32","date_gmt":"2026-04-26T16:46:32","guid":{"rendered":"https:\/\/leichtathletik-in-frankenberg.de\/?p=4001"},"modified":"2026-04-26T16:50:23","modified_gmt":"2026-04-26T16:50:23","slug":"linus-loest-ticket-fuer-deutsche-in-kugel-starke-sprints-in-baunatal","status":"publish","type":"post","link":"https:\/\/leichtathletik-in-frankenberg.de\/?p=4001","title":{"rendered":"Linus l\u00f6st Ticket f\u00fcr Deutsche in Kugel &#8211; starke Sprints in Baunatal"},"content":{"rendered":"\n<p>Beim Sportfest in Wehrheim traf er heute die 5kg-Kugel optimal. Etwas \u201eWut im Bauch\u201c, weil seine eigene Kugel verlegt wurde, brachte er das Wettkampfger\u00e4t des Veranstalters auf super starke 15,14m. Damit buchte er das Direkt-Ticket f\u00fcr die Deutsche Anfang Juli in Bochum-Wattenscheid. In einem weiteren Versuch von 14,68m best\u00e4tigte er nochmal seine Tagesform. <\/p>\n\n\n\n<figure class=\"wp-block-video\"><video height=\"850\" style=\"aspect-ratio: 478 \/ 850;\" width=\"478\" controls src=\"https:\/\/leichtathletik-in-frankenberg.de\/wp-content\/uploads\/2026\/04\/4802a53e-a25a-4061-9867-c559f2dc9110.mp4\"><\/video><\/figure>\n\n\n\n<p>Mit dem Diskus klappte es vorab nicht ganz so gut. Der Ring ist nicht ganz so \u201esein Geschmack\u201c. So musste er heute mit Platz 2 und 42,77m zufrieden sein.<\/p>\n\n\n\n<p>Nach langer Wartezeit (Linus beendete den Kugelwettbewerb vorzeitig) ging es dann nochmal mit dem Speer auf Weitenjagd. Hier gelang ihm erneut ein Wurf \u00fcber 50m. Mit 50,68m ging Linus hier auch als Sieger hervor. <\/p>\n\n\n\n<figure class=\"wp-block-image size-large\"><img loading=\"lazy\" decoding=\"async\" width=\"576\" height=\"1024\" src=\"https:\/\/leichtathletik-in-frankenberg.de\/wp-content\/uploads\/2026\/04\/e5f3269e-8dd2-4059-be04-ea881e990ed3-576x1024.jpg\" alt=\"\" class=\"wp-image-3998\" srcset=\"https:\/\/leichtathletik-in-frankenberg.de\/wp-content\/uploads\/2026\/04\/e5f3269e-8dd2-4059-be04-ea881e990ed3-576x1024.jpg 576w, https:\/\/leichtathletik-in-frankenberg.de\/wp-content\/uploads\/2026\/04\/e5f3269e-8dd2-4059-be04-ea881e990ed3-169x300.jpg 169w, https:\/\/leichtathletik-in-frankenberg.de\/wp-content\/uploads\/2026\/04\/e5f3269e-8dd2-4059-be04-ea881e990ed3-768x1365.jpg 768w, https:\/\/leichtathletik-in-frankenberg.de\/wp-content\/uploads\/2026\/04\/e5f3269e-8dd2-4059-be04-ea881e990ed3-864x1536.jpg 864w, https:\/\/leichtathletik-in-frankenberg.de\/wp-content\/uploads\/2026\/04\/e5f3269e-8dd2-4059-be04-ea881e990ed3.jpg 1125w\" sizes=\"auto, (max-width: 576px) 100vw, 576px\" \/><\/figure>\n\n\n\n<p><\/p>\n\n\n\n<p><strong>Pauline zaubert neue PB auf die Bahn <\/strong><\/p>\n\n\n\n<p>Parallel machten sich vier SprinterInnen auf den Weg zur Standort-Bestimmung nach Baunatal.<\/p>\n\n\n\n<figure class=\"wp-block-image size-large\"><img loading=\"lazy\" decoding=\"async\" width=\"768\" height=\"1024\" src=\"https:\/\/leichtathletik-in-frankenberg.de\/wp-content\/uploads\/2026\/04\/020aee98-f3ad-478a-ad7e-e96d4f47d5a8-768x1024.jpg\" alt=\"\" class=\"wp-image-3995\" srcset=\"https:\/\/leichtathletik-in-frankenberg.de\/wp-content\/uploads\/2026\/04\/020aee98-f3ad-478a-ad7e-e96d4f47d5a8-768x1024.jpg 768w, https:\/\/leichtathletik-in-frankenberg.de\/wp-content\/uploads\/2026\/04\/020aee98-f3ad-478a-ad7e-e96d4f47d5a8-225x300.jpg 225w, https:\/\/leichtathletik-in-frankenberg.de\/wp-content\/uploads\/2026\/04\/020aee98-f3ad-478a-ad7e-e96d4f47d5a8-1152x1536.jpg 1152w, https:\/\/leichtathletik-in-frankenberg.de\/wp-content\/uploads\/2026\/04\/020aee98-f3ad-478a-ad7e-e96d4f47d5a8.jpg 1200w\" sizes=\"auto, (max-width: 768px) 100vw, 768px\" \/><\/figure>\n\n\n\n<p class=\"p1\">Den Auftakt machte Emilia Herliz \u00fcber 100m und blieb in 14,12s nur knapp \u00fcber 14 Sekunden, startete zudem gleich mit neuer Bestzeit.<\/p>\n\n\n\n<figure class=\"wp-block-image size-large\"><img loading=\"lazy\" decoding=\"async\" width=\"642\" height=\"854\" src=\"https:\/\/leichtathletik-in-frankenberg.de\/wp-content\/uploads\/2026\/04\/03d94a47-051f-4427-ad64-b0e7b5094a24.jpg\" class=\"wp-image-4002\" srcset=\"https:\/\/leichtathletik-in-frankenberg.de\/wp-content\/uploads\/2026\/04\/03d94a47-051f-4427-ad64-b0e7b5094a24.jpg 642w, https:\/\/leichtathletik-in-frankenberg.de\/wp-content\/uploads\/2026\/04\/03d94a47-051f-4427-ad64-b0e7b5094a24-226x300.jpg 226w\" sizes=\"auto, (max-width: 642px) 100vw, 642px\" \/><figcaption class=\"wp-element-caption\">Erfreut sich einer neuen Bestzeit!<\/figcaption><\/figure>\n\n\n\n<p class=\"p1\">In der M14 angekommen ging es f\u00fcr Nils Below und Olaf Heimermann erstmals \u00fcber 100m-Distanz. Nils konnte den Lauf in 13,97s f\u00fcr sich entscheiden. Olaf meisterte in guten 14,40s die Sprintdistanz.&nbsp;<\/p>\n\n\n\n<figure class=\"wp-block-video\"><video height=\"576\" style=\"aspect-ratio: 1024 \/ 576;\" width=\"1024\" controls src=\"https:\/\/leichtathletik-in-frankenberg.de\/wp-content\/uploads\/2026\/04\/9a1feccb-a6fb-4a62-9a1c-f9bfa29d99ee.mp4\"><\/video><\/figure>\n\n\n\n<p>Schnellste Frankenbergerin war heute Pauline. Sie steigerte als schnellste U18-Athletin ihre Bestzeit auf tolle 13,37s!<\/p>\n\n\n\n<figure class=\"wp-block-video\"><video height=\"576\" style=\"aspect-ratio: 1024 \/ 576;\" width=\"1024\" controls src=\"https:\/\/leichtathletik-in-frankenberg.de\/wp-content\/uploads\/2026\/04\/c905a7de-7c05-44be-9fc5-6ba2a82ef3bb.mp4\"><\/video><\/figure>\n\n\n\n<p>Mit drei Korbacher Damen ging es dann nochmal auf die 4x100m Strecke. In 52,51s war es ein solider Auftakt der Startgemeinschaft.<\/p>\n\n\n\n<figure class=\"wp-block-image size-large\"><img loading=\"lazy\" decoding=\"async\" width=\"745\" height=\"1024\" src=\"https:\/\/leichtathletik-in-frankenberg.de\/wp-content\/uploads\/2026\/04\/a24b2799-f05d-4f85-9923-47d876e5c9ae-745x1024.jpg\" alt=\"\" class=\"wp-image-3994\" srcset=\"https:\/\/leichtathletik-in-frankenberg.de\/wp-content\/uploads\/2026\/04\/a24b2799-f05d-4f85-9923-47d876e5c9ae-745x1024.jpg 745w, https:\/\/leichtathletik-in-frankenberg.de\/wp-content\/uploads\/2026\/04\/a24b2799-f05d-4f85-9923-47d876e5c9ae-218x300.jpg 218w, https:\/\/leichtathletik-in-frankenberg.de\/wp-content\/uploads\/2026\/04\/a24b2799-f05d-4f85-9923-47d876e5c9ae-768x1056.jpg 768w, https:\/\/leichtathletik-in-frankenberg.de\/wp-content\/uploads\/2026\/04\/a24b2799-f05d-4f85-9923-47d876e5c9ae.jpg 1043w\" sizes=\"auto, (max-width: 745px) 100vw, 745px\" \/><\/figure>\n\n\n\n<p>Mit etwas schweren Beinen lief Pauline danach direkt nochmal alleine auf der Stadionrunde. Hier steigerte sich Pauline in 64,97s um 1,5sek zum Vorjahr und kann mit etwas mehr Ruhe vor dem Start sicher noch einiges schneller Laufen.<\/p>\n\n\n\n<p>Emilia testete erstmals die 300m-Distanz und konnte mit dem Auftakt in 45,37s ebenfalls sehr zufrieden sein.<\/p>\n\n\n\n<figure class=\"wp-block-video\"><video height=\"576\" style=\"aspect-ratio: 1024 \/ 576;\" width=\"1024\" controls src=\"https:\/\/leichtathletik-in-frankenberg.de\/wp-content\/uploads\/2026\/04\/fecc3816-4018-424b-86db-0e8c74eb44bc.mp4\"><\/video><figcaption class=\"wp-element-caption\">Emilia mit Kurs auf PB<\/figcaption><\/figure>\n\n\n\n<p>In 45,29s war Nils noch einen kleinen Moment schneller.<\/p>\n\n\n\n<p>Olaf lief erstmals die 300m H\u00fcrden. In 51,27 Sekunden lieferte ein gutes Deb\u00fct auf die Bahn!<\/p>\n\n\n\n<figure class=\"wp-block-video\"><video height=\"576\" style=\"aspect-ratio: 1024 \/ 576;\" width=\"1024\" controls src=\"https:\/\/leichtathletik-in-frankenberg.de\/wp-content\/uploads\/2026\/04\/02b14e5f-9ea2-4ec9-a9a4-6a1ee744d1f1.mp4\"><\/video><figcaption class=\"wp-element-caption\">Erstmals \u00fcber die Langh\u00fcrden!<\/figcaption><\/figure>\n\n\n\n<p><\/p>\n\n\n\n<p><\/p>\n","protected":false},"excerpt":{"rendered":"<p>Beim Sportfest in Wehrheim traf er heute die 5kg-Kugel optimal. Etwas \u201eWut im Bauch\u201c, weil seine eigene Kugel verlegt wurde, brachte er das Wettkampfger\u00e4t des Veranstalters auf super starke 15,14m. Damit buchte er das Direkt-Ticket f\u00fcr die Deutsche Anfang Juli &hellip; <a href=\"https:\/\/leichtathletik-in-frankenberg.de\/?p=4001\">Weiterlesen <span class=\"meta-nav\">&rarr;<\/span><\/a><\/p>\n","protected":false},"author":3,"featured_media":0,"comment_status":"open","ping_status":"open","sticky":false,"template":"","format":"standard","meta":{"_jetpack_memberships_contains_paid_content":false,"footnotes":""},"categories":[3,5,6],"tags":[],"class_list":["post-4001","post","type-post","status-publish","format-standard","hentry","category-aktuelles-von-unseren-athleten","category-infos-von-der-abteilung","category-infos-zu-training-und-wettkaempfe"],"jetpack_featured_media_url":"","jetpack_sharing_enabled":true,"_links":{"self":[{"href":"https:\/\/leichtathletik-in-frankenberg.de\/index.php?rest_route=\/wp\/v2\/posts\/4001","targetHints":{"allow":["GET"]}}],"collection":[{"href":"https:\/\/leichtathletik-in-frankenberg.de\/index.php?rest_route=\/wp\/v2\/posts"}],"about":[{"href":"https:\/\/leichtathletik-in-frankenberg.de\/index.php?rest_route=\/wp\/v2\/types\/post"}],"author":[{"embeddable":true,"href":"https:\/\/leichtathletik-in-frankenberg.de\/index.php?rest_route=\/wp\/v2\/users\/3"}],"replies":[{"embeddable":true,"href":"https:\/\/leichtathletik-in-frankenberg.de\/index.php?rest_route=%2Fwp%2Fv2%2Fcomments&post=4001"}],"version-history":[{"count":1,"href":"https:\/\/leichtathletik-in-frankenberg.de\/index.php?rest_route=\/wp\/v2\/posts\/4001\/revisions"}],"predecessor-version":[{"id":4003,"href":"https:\/\/leichtathletik-in-frankenberg.de\/index.php?rest_route=\/wp\/v2\/posts\/4001\/revisions\/4003"}],"wp:attachment":[{"href":"https:\/\/leichtathletik-in-frankenberg.de\/index.php?rest_route=%2Fwp%2Fv2%2Fmedia&parent=4001"}],"wp:term":[{"taxonomy":"category","embeddable":true,"href":"https:\/\/leichtathletik-in-frankenberg.de\/index.php?rest_route=%2Fwp%2Fv2%2Fcategories&post=4001"},{"taxonomy":"post_tag","embeddable":true,"href":"https:\/\/leichtathletik-in-frankenberg.de\/index.php?rest_route=%2Fwp%2Fv2%2Ftags&post=4001"}],"curies":[{"name":"wp","href":"https:\/\/api.w.org\/{rel}","templated":true}]}}