{"id":3989,"date":"2026-04-25T15:36:58","date_gmt":"2026-04-25T15:36:58","guid":{"rendered":"https:\/\/leichtathletik-in-frankenberg.de\/?p=3989"},"modified":"2026-04-25T15:38:17","modified_gmt":"2026-04-25T15:38:17","slug":"arne-bucht-zwei-tickets-fuer-sueddeutsche-paula-steigert-sich","status":"publish","type":"post","link":"https:\/\/leichtathletik-in-frankenberg.de\/?p=3989","title":{"rendered":"Arne bucht zwei Tickets f\u00fcr S\u00fcddeutsche &#8211; Paula steigert sich"},"content":{"rendered":"\n<p class=\"p1\">Bei der Bahner\u00f6ffnung in Bebra nutze ein Trio aus Frankenberg die Startoptionen.<\/p>\n\n\n\n<p class=\"p3\">Dabei gelang Paula Hartmann eine starke Serie im Diskus mit finalen 28,31m und eine nur knapp verfehlte Bestweite! Durch die stabile Serie wird in n\u00e4chster Zeit die 30m-Marke angegriffen werden.<\/p>\n\n\n\n<p class=\"p3\">Den positiven \u201eAusrutscher\u201c nach vorne hatte Paula dann in starken 10,68m mit der Kugel.<\/p>\n\n\n\n<figure class=\"wp-block-video\"><video height=\"850\" style=\"aspect-ratio: 478 \/ 850;\" width=\"478\" controls src=\"https:\/\/leichtathletik-in-frankenberg.de\/wp-content\/uploads\/2026\/04\/3f50a24b-a1b1-4da0-8f48-69a0d4d21d72.mp4\"><\/video><figcaption class=\"wp-element-caption\">Paula im Ring!<\/figcaption><\/figure>\n\n\n\n<p class=\"p3\">Arne Schwarz ging auf Normjagd \u00fcber 100m und 200m. Bei sp\u00fcrbarem Gegenwind von 1.4m\/s buchte Arne in 11,47 Sekunden direkt das Ticket f\u00fcr die S\u00fcddeutschen in Koblenz! <\/p>\n\n\n\n<figure class=\"wp-block-image size-large\"><img loading=\"lazy\" decoding=\"async\" width=\"1024\" height=\"768\" src=\"https:\/\/leichtathletik-in-frankenberg.de\/wp-content\/uploads\/2026\/04\/66132323-3130-4c0e-a8fe-c6866102bcee-1024x768.jpg\" alt=\"\" class=\"wp-image-3986\" srcset=\"https:\/\/leichtathletik-in-frankenberg.de\/wp-content\/uploads\/2026\/04\/66132323-3130-4c0e-a8fe-c6866102bcee-1024x768.jpg 1024w, https:\/\/leichtathletik-in-frankenberg.de\/wp-content\/uploads\/2026\/04\/66132323-3130-4c0e-a8fe-c6866102bcee-300x225.jpg 300w, https:\/\/leichtathletik-in-frankenberg.de\/wp-content\/uploads\/2026\/04\/66132323-3130-4c0e-a8fe-c6866102bcee-768x576.jpg 768w, https:\/\/leichtathletik-in-frankenberg.de\/wp-content\/uploads\/2026\/04\/66132323-3130-4c0e-a8fe-c6866102bcee-1536x1152.jpg 1536w, https:\/\/leichtathletik-in-frankenberg.de\/wp-content\/uploads\/2026\/04\/66132323-3130-4c0e-a8fe-c6866102bcee-400x300.jpg 400w, https:\/\/leichtathletik-in-frankenberg.de\/wp-content\/uploads\/2026\/04\/66132323-3130-4c0e-a8fe-c6866102bcee.jpg 2000w\" sizes=\"auto, (max-width: 1024px) 100vw, 1024px\" \/><figcaption class=\"wp-element-caption\">Der Konkurrenz ein ganzes St\u00fcck voraus!<\/figcaption><\/figure>\n\n\n\n<p class=\"p3\">Dabei steigerte Arne sich deutlich zum Vorjahr und lies der Konkurrenz keine Chance. <\/p>\n\n\n\n<figure class=\"wp-block-image size-large\"><img loading=\"lazy\" decoding=\"async\" width=\"1024\" height=\"768\" src=\"https:\/\/leichtathletik-in-frankenberg.de\/wp-content\/uploads\/2026\/04\/73326efb-a5f4-4a3d-bae0-b5d55be1541a-1024x768.jpg\" alt=\"\" class=\"wp-image-3987\" srcset=\"https:\/\/leichtathletik-in-frankenberg.de\/wp-content\/uploads\/2026\/04\/73326efb-a5f4-4a3d-bae0-b5d55be1541a-1024x768.jpg 1024w, https:\/\/leichtathletik-in-frankenberg.de\/wp-content\/uploads\/2026\/04\/73326efb-a5f4-4a3d-bae0-b5d55be1541a-300x225.jpg 300w, https:\/\/leichtathletik-in-frankenberg.de\/wp-content\/uploads\/2026\/04\/73326efb-a5f4-4a3d-bae0-b5d55be1541a-768x576.jpg 768w, https:\/\/leichtathletik-in-frankenberg.de\/wp-content\/uploads\/2026\/04\/73326efb-a5f4-4a3d-bae0-b5d55be1541a-1536x1153.jpg 1536w, https:\/\/leichtathletik-in-frankenberg.de\/wp-content\/uploads\/2026\/04\/73326efb-a5f4-4a3d-bae0-b5d55be1541a-400x300.jpg 400w, https:\/\/leichtathletik-in-frankenberg.de\/wp-content\/uploads\/2026\/04\/73326efb-a5f4-4a3d-bae0-b5d55be1541a.jpg 1599w\" sizes=\"auto, (max-width: 1024px) 100vw, 1024px\" \/><figcaption class=\"wp-element-caption\">Paula mal hinter der Kamera &#8211; macht man f\u00fcr den Trainingskollegen doch gerne!<\/figcaption><\/figure>\n\n\n\n<p class=\"p3\">Das harte Wintertraining zahlt sich bereits aus, denn&nbsp;ebenso stark sind die 200m, die Arne in tollen 23,14s auf die Bahn gezaubert hat. Das bedeutete die zweite Quali f\u00fcr ihn. Mit gutem Lauf blickt Arne schon jetzt in Richtung DM-Quali. Das gro\u00dfe Ziel des Jahres ist greifbar, aber immer noch ein ganzes St\u00fcck Arbeit!<\/p>\n\n\n\n<p class=\"p3\">Noch etwas M\u00fcde in den Beinen war heute Lara Stein. Nach umfangreichen Trainingslager und zwei guten Trainingswochen ben\u00f6tigen Mittelstreckler etwas l\u00e4nger f\u00fcr die Tempoh\u00e4rte. Allein vorne weg war Lara die erste Runde doch recht schnell unterwegs, aber alleine gegen den Wind und die Zeit raubte doch etwas fr\u00fcher die Kraft. So erreichte Lara nach 2:28min das Ziel, aber startete damit \u00e4hnlich schnell in die Saison wie noch im Winter und heute schnellste Frau in Bebra!<\/p>\n\n\n\n<figure class=\"wp-block-image\"><img loading=\"lazy\" decoding=\"async\" width=\"214\" height=\"300\" src=\"https:\/\/leichtathletik-in-frankenberg.de\/wp-content\/uploads\/2026\/04\/997e217b-d2d5-4706-85e1-71de64f76f31-78398-00000d76a7115e37_file-214x300.jpg\" alt=\"\" class=\"wp-image-3990\" srcset=\"https:\/\/leichtathletik-in-frankenberg.de\/wp-content\/uploads\/2026\/04\/997e217b-d2d5-4706-85e1-71de64f76f31-78398-00000d76a7115e37_file-214x300.jpg 214w, https:\/\/leichtathletik-in-frankenberg.de\/wp-content\/uploads\/2026\/04\/997e217b-d2d5-4706-85e1-71de64f76f31-78398-00000d76a7115e37_file.jpg 658w\" sizes=\"auto, (max-width: 214px) 100vw, 214px\" \/><\/figure>\n","protected":false},"excerpt":{"rendered":"<p>Bei der Bahner\u00f6ffnung in Bebra nutze ein Trio aus Frankenberg die Startoptionen. Dabei gelang Paula Hartmann eine starke Serie im Diskus mit finalen 28,31m und eine nur knapp verfehlte Bestweite! Durch die stabile Serie wird in n\u00e4chster Zeit die 30m-Marke &hellip; <a href=\"https:\/\/leichtathletik-in-frankenberg.de\/?p=3989\">Weiterlesen <span class=\"meta-nav\">&rarr;<\/span><\/a><\/p>\n","protected":false},"author":3,"featured_media":0,"comment_status":"open","ping_status":"open","sticky":false,"template":"","format":"standard","meta":{"_jetpack_memberships_contains_paid_content":false,"footnotes":""},"categories":[3,5,6],"tags":[],"class_list":["post-3989","post","type-post","status-publish","format-standard","hentry","category-aktuelles-von-unseren-athleten","category-infos-von-der-abteilung","category-infos-zu-training-und-wettkaempfe"],"jetpack_featured_media_url":"","jetpack_sharing_enabled":true,"_links":{"self":[{"href":"https:\/\/leichtathletik-in-frankenberg.de\/index.php?rest_route=\/wp\/v2\/posts\/3989","targetHints":{"allow":["GET"]}}],"collection":[{"href":"https:\/\/leichtathletik-in-frankenberg.de\/index.php?rest_route=\/wp\/v2\/posts"}],"about":[{"href":"https:\/\/leichtathletik-in-frankenberg.de\/index.php?rest_route=\/wp\/v2\/types\/post"}],"author":[{"embeddable":true,"href":"https:\/\/leichtathletik-in-frankenberg.de\/index.php?rest_route=\/wp\/v2\/users\/3"}],"replies":[{"embeddable":true,"href":"https:\/\/leichtathletik-in-frankenberg.de\/index.php?rest_route=%2Fwp%2Fv2%2Fcomments&post=3989"}],"version-history":[{"count":1,"href":"https:\/\/leichtathletik-in-frankenberg.de\/index.php?rest_route=\/wp\/v2\/posts\/3989\/revisions"}],"predecessor-version":[{"id":3991,"href":"https:\/\/leichtathletik-in-frankenberg.de\/index.php?rest_route=\/wp\/v2\/posts\/3989\/revisions\/3991"}],"wp:attachment":[{"href":"https:\/\/leichtathletik-in-frankenberg.de\/index.php?rest_route=%2Fwp%2Fv2%2Fmedia&parent=3989"}],"wp:term":[{"taxonomy":"category","embeddable":true,"href":"https:\/\/leichtathletik-in-frankenberg.de\/index.php?rest_route=%2Fwp%2Fv2%2Fcategories&post=3989"},{"taxonomy":"post_tag","embeddable":true,"href":"https:\/\/leichtathletik-in-frankenberg.de\/index.php?rest_route=%2Fwp%2Fv2%2Ftags&post=3989"}],"curies":[{"name":"wp","href":"https:\/\/api.w.org\/{rel}","templated":true}]}}