{"id":3932,"date":"2026-03-15T18:47:13","date_gmt":"2026-03-15T18:47:13","guid":{"rendered":"https:\/\/leichtathletik-in-frankenberg.de\/?p=3932"},"modified":"2026-03-15T19:05:03","modified_gmt":"2026-03-15T19:05:03","slug":"starke-schuelerlaeufe-zwei-kreismeistertitel-fuer-fkb","status":"publish","type":"post","link":"https:\/\/leichtathletik-in-frankenberg.de\/?p=3932","title":{"rendered":"Starke Sch\u00fclerl\u00e4ufe &#8211; zwei Kreismeistertitel f\u00fcr FKB"},"content":{"rendered":"\n<p>Diesen Sonntag fanden die Kreis-Cross-Meisterschaften in Rosenthal statt.<\/p>\n\n\n\n<p>Den Anfang machten unsere J\u00fcngsten in der weiblichen und m\u00e4nnlichen U10 auf 1200m. Emma-Lou Brussmann konnte hier direkt zu Beginn des Tages den ersten Titel f\u00fcr den TSV Frankenberg mit einer Zeit von 5:21 Min. holen. Flora Langer wurde gute 7. mit einer Zeit von 6:29min.<\/p>\n\n\n\n<p>\u00c4hnlich flott waren die Jungs: Lorenz Menzler lief in 6:20 auf den Bronze-Platz, Max Blumenstiel kam in der M8 auf Rang 4 (7:10).<\/p>\n\n\n\n<p>Im Anschluss ging es zun\u00e4chst f\u00fcr die m\u00e4nnliche U12 auf die 2000m. Hier holte Matti Heimermann mit einer Zeit von 8:48min direkt den n\u00e4chsten Titel nach Hause. Auch die anderne drei Starter liefen eine gute Zeit. Milan Fackiner kam mit 9:57min als 4. ins Ziel, Felix Stein lief auf Platz 5 in 10:22min und Kilian Langer erreichte mit einer Zeit von 17:07 min den 11.Platz.<br>Auch die M\u00e4dels der U12 zeigten heute ihr l\u00e4uferisches K\u00f6nnen auf den 2000m. Irmeli Heimermann \u00fcberquerte mit einer sehr guten Zeit von 9:27min als 3. die Ziellinie. Emma Freitag lief ebenfalls ein gutes Rennen und kam als 8. mit einer Zeit von 10:32min ins Ziel. Madleen Baumann (Platz 10) und Alea Naumann (Platz 11) trennt tats\u00e4chlich am Ende der langen Strecke mit einer Zeit von 11:05 min und 11:06 min. nur eine Sekunde.<\/p>\n\n\n\n<figure class=\"wp-block-image size-large\"><img loading=\"lazy\" decoding=\"async\" width=\"768\" height=\"1024\" src=\"https:\/\/leichtathletik-in-frankenberg.de\/wp-content\/uploads\/2026\/03\/img_2643-768x1024.jpg\" alt=\"\" class=\"wp-image-3931\" srcset=\"https:\/\/leichtathletik-in-frankenberg.de\/wp-content\/uploads\/2026\/03\/img_2643-768x1024.jpg 768w, https:\/\/leichtathletik-in-frankenberg.de\/wp-content\/uploads\/2026\/03\/img_2643-225x300.jpg 225w, https:\/\/leichtathletik-in-frankenberg.de\/wp-content\/uploads\/2026\/03\/img_2643-1152x1536.jpg 1152w, https:\/\/leichtathletik-in-frankenberg.de\/wp-content\/uploads\/2026\/03\/img_2643.jpg 1200w\" sizes=\"auto, (max-width: 768px) 100vw, 768px\" \/><figcaption class=\"wp-element-caption\">Gute gelaunt durchs Gel\u00e4nde! <\/figcaption><\/figure>\n\n\n\n<figure class=\"wp-block-image size-large\"><img loading=\"lazy\" decoding=\"async\" width=\"1024\" height=\"768\" src=\"https:\/\/leichtathletik-in-frankenberg.de\/wp-content\/uploads\/2026\/03\/img_2642-1024x768.jpg\" alt=\"\" class=\"wp-image-3930\" srcset=\"https:\/\/leichtathletik-in-frankenberg.de\/wp-content\/uploads\/2026\/03\/img_2642-1024x768.jpg 1024w, https:\/\/leichtathletik-in-frankenberg.de\/wp-content\/uploads\/2026\/03\/img_2642-300x225.jpg 300w, https:\/\/leichtathletik-in-frankenberg.de\/wp-content\/uploads\/2026\/03\/img_2642-768x576.jpg 768w, https:\/\/leichtathletik-in-frankenberg.de\/wp-content\/uploads\/2026\/03\/img_2642-1536x1152.jpg 1536w, https:\/\/leichtathletik-in-frankenberg.de\/wp-content\/uploads\/2026\/03\/img_2642-400x300.jpg 400w, https:\/\/leichtathletik-in-frankenberg.de\/wp-content\/uploads\/2026\/03\/img_2642.jpg 2000w\" sizes=\"auto, (max-width: 1024px) 100vw, 1024px\" \/><figcaption class=\"wp-element-caption\">Martin und die blauen Flitzer!<\/figcaption><\/figure>\n\n\n\n<p>Seit diesem Jahr werden erstmal Staffeln bei den Crossmeisterschaften angeboten. Das probierten unsere Damen der U18 und U20 direkt einmal aus und liefen in einem internen Duell gegeneinander. Die Staffel der U18 konnte sich hier auf den 3\u00d7600m etwas absetzen und kam mit einer Zeit von 6:20 min ins Ziel. Die U20 Staffel lief ebenfalls eine recht gute Zeit von 6:49 min. Beide Mannschaften holten somit den Titel nach Frankenberg.<\/p>\n\n\n\n<figure class=\"wp-block-image size-large\"><img loading=\"lazy\" decoding=\"async\" width=\"1024\" height=\"576\" src=\"https:\/\/leichtathletik-in-frankenberg.de\/wp-content\/uploads\/2026\/03\/img_2646-1024x576.jpg\" alt=\"\" class=\"wp-image-3929\" srcset=\"https:\/\/leichtathletik-in-frankenberg.de\/wp-content\/uploads\/2026\/03\/img_2646-1024x576.jpg 1024w, https:\/\/leichtathletik-in-frankenberg.de\/wp-content\/uploads\/2026\/03\/img_2646-300x169.jpg 300w, https:\/\/leichtathletik-in-frankenberg.de\/wp-content\/uploads\/2026\/03\/img_2646-768x432.jpg 768w, https:\/\/leichtathletik-in-frankenberg.de\/wp-content\/uploads\/2026\/03\/img_2646-1536x864.jpg 1536w, https:\/\/leichtathletik-in-frankenberg.de\/wp-content\/uploads\/2026\/03\/img_2646-500x281.jpg 500w, https:\/\/leichtathletik-in-frankenberg.de\/wp-content\/uploads\/2026\/03\/img_2646.jpg 2000w\" sizes=\"auto, (max-width: 1024px) 100vw, 1024px\" \/><figcaption class=\"wp-element-caption\">2x 3 macht 12 schnelle Beine in der Staffel<\/figcaption><\/figure>\n\n\n\n<p>Nachmittags hie\u00df es dann nochmal durchbei\u00dfen f\u00fcr unsere Athleten der M12 und M14. Auf 3.200m lief Olaf Heimermann eine sehr gute Zeit von 13:26 min und lief als 2. ins Ziel. Julius-Constantin Roht kam als 4. mit einer Zeit von 19:35min im Ziel an und knapp dahinter Friedrich Menzler als 5. mit 19:43 min.<\/p>\n\n\n\n<figure class=\"wp-block-image size-large\"><img loading=\"lazy\" decoding=\"async\" width=\"768\" height=\"1024\" src=\"https:\/\/leichtathletik-in-frankenberg.de\/wp-content\/uploads\/2026\/03\/img_2645-768x1024.jpg\" alt=\"\" class=\"wp-image-3928\" srcset=\"https:\/\/leichtathletik-in-frankenberg.de\/wp-content\/uploads\/2026\/03\/img_2645-768x1024.jpg 768w, https:\/\/leichtathletik-in-frankenberg.de\/wp-content\/uploads\/2026\/03\/img_2645-225x300.jpg 225w, https:\/\/leichtathletik-in-frankenberg.de\/wp-content\/uploads\/2026\/03\/img_2645-1152x1536.jpg 1152w, https:\/\/leichtathletik-in-frankenberg.de\/wp-content\/uploads\/2026\/03\/img_2645.jpg 1500w\" sizes=\"auto, (max-width: 768px) 100vw, 768px\" \/><figcaption class=\"wp-element-caption\">Ein solides Herren-Trio<\/figcaption><\/figure>\n\n\n\n<p>Als einzige Starterin des TSV Frankenbergs in der Altersklasse der U14 &#8211; U20 ging heute Marla Brede \u00fcber die 3.200m an den Start. Sie lief ein gutes Rennen und kam in 16:51 min als 8. ins Ziel.<\/p>\n\n\n\n<figure class=\"wp-block-image size-large\"><img loading=\"lazy\" decoding=\"async\" width=\"576\" height=\"1024\" src=\"https:\/\/leichtathletik-in-frankenberg.de\/wp-content\/uploads\/2026\/03\/img_2644-576x1024.jpg\" alt=\"\" class=\"wp-image-3927\" srcset=\"https:\/\/leichtathletik-in-frankenberg.de\/wp-content\/uploads\/2026\/03\/img_2644-576x1024.jpg 576w, https:\/\/leichtathletik-in-frankenberg.de\/wp-content\/uploads\/2026\/03\/img_2644-169x300.jpg 169w, https:\/\/leichtathletik-in-frankenberg.de\/wp-content\/uploads\/2026\/03\/img_2644-768x1365.jpg 768w, https:\/\/leichtathletik-in-frankenberg.de\/wp-content\/uploads\/2026\/03\/img_2644-864x1536.jpg 864w, https:\/\/leichtathletik-in-frankenberg.de\/wp-content\/uploads\/2026\/03\/img_2644.jpg 1125w\" sizes=\"auto, (max-width: 576px) 100vw, 576px\" \/><figcaption class=\"wp-element-caption\">Marla war sehr erfolgreich auf langer Strecke!<\/figcaption><\/figure>\n\n\n\n<p>Insgesamt war es ein sehr erfolgreicher Wettkampf und die Trainer sind sehr stolz auf die Leistungen und den Teamgeist der Sportlerinnen und Sportler.<\/p>\n","protected":false},"excerpt":{"rendered":"<p>Diesen Sonntag fanden die Kreis-Cross-Meisterschaften in Rosenthal statt. Den Anfang machten unsere J\u00fcngsten in der weiblichen und m\u00e4nnlichen U10 auf 1200m. Emma-Lou Brussmann konnte hier direkt zu Beginn des Tages den ersten Titel f\u00fcr den TSV Frankenberg mit einer Zeit &hellip; <a href=\"https:\/\/leichtathletik-in-frankenberg.de\/?p=3932\">Weiterlesen <span class=\"meta-nav\">&rarr;<\/span><\/a><\/p>\n","protected":false},"author":3,"featured_media":0,"comment_status":"open","ping_status":"open","sticky":false,"template":"","format":"standard","meta":{"_jetpack_memberships_contains_paid_content":false,"footnotes":""},"categories":[3,5,6],"tags":[],"class_list":["post-3932","post","type-post","status-publish","format-standard","hentry","category-aktuelles-von-unseren-athleten","category-infos-von-der-abteilung","category-infos-zu-training-und-wettkaempfe"],"jetpack_featured_media_url":"","jetpack_sharing_enabled":true,"_links":{"self":[{"href":"https:\/\/leichtathletik-in-frankenberg.de\/index.php?rest_route=\/wp\/v2\/posts\/3932","targetHints":{"allow":["GET"]}}],"collection":[{"href":"https:\/\/leichtathletik-in-frankenberg.de\/index.php?rest_route=\/wp\/v2\/posts"}],"about":[{"href":"https:\/\/leichtathletik-in-frankenberg.de\/index.php?rest_route=\/wp\/v2\/types\/post"}],"author":[{"embeddable":true,"href":"https:\/\/leichtathletik-in-frankenberg.de\/index.php?rest_route=\/wp\/v2\/users\/3"}],"replies":[{"embeddable":true,"href":"https:\/\/leichtathletik-in-frankenberg.de\/index.php?rest_route=%2Fwp%2Fv2%2Fcomments&post=3932"}],"version-history":[{"count":3,"href":"https:\/\/leichtathletik-in-frankenberg.de\/index.php?rest_route=\/wp\/v2\/posts\/3932\/revisions"}],"predecessor-version":[{"id":3935,"href":"https:\/\/leichtathletik-in-frankenberg.de\/index.php?rest_route=\/wp\/v2\/posts\/3932\/revisions\/3935"}],"wp:attachment":[{"href":"https:\/\/leichtathletik-in-frankenberg.de\/index.php?rest_route=%2Fwp%2Fv2%2Fmedia&parent=3932"}],"wp:term":[{"taxonomy":"category","embeddable":true,"href":"https:\/\/leichtathletik-in-frankenberg.de\/index.php?rest_route=%2Fwp%2Fv2%2Fcategories&post=3932"},{"taxonomy":"post_tag","embeddable":true,"href":"https:\/\/leichtathletik-in-frankenberg.de\/index.php?rest_route=%2Fwp%2Fv2%2Ftags&post=3932"}],"curies":[{"name":"wp","href":"https:\/\/api.w.org\/{rel}","templated":true}]}}