{"id":3863,"date":"2026-01-25T17:19:56","date_gmt":"2026-01-25T17:19:56","guid":{"rendered":"https:\/\/leichtathletik-in-frankenberg.de\/?p=3863"},"modified":"2026-01-25T17:19:56","modified_gmt":"2026-01-25T17:19:56","slug":"unsere-u18-mischt-bei-u20-gut-mit","status":"publish","type":"post","link":"https:\/\/leichtathletik-in-frankenberg.de\/?p=3863","title":{"rendered":"Unsere U18 mischt bei U20 gut mit!"},"content":{"rendered":"\n<p>Am zweiten Tag ging Linus Stuhlmann als J\u00fcngster mit der 6kg-Kugel in der Altersklasse U20 in den Ring. Bei der bis zu zwei Jahre \u00e4lteren Konkurrenz legte er dabei eine solide Serie hin und konnte mit 11,78m einen guten siebten Rang belegen. <\/p>\n\n\n\n<figure class=\"wp-block-image size-large\"><img loading=\"lazy\" decoding=\"async\" width=\"851\" height=\"1024\" src=\"https:\/\/leichtathletik-in-frankenberg.de\/wp-content\/uploads\/2026\/01\/277928be-add7-4787-86e1-d1eb7311a01d-851x1024.jpg\" class=\"wp-image-3859\" srcset=\"https:\/\/leichtathletik-in-frankenberg.de\/wp-content\/uploads\/2026\/01\/277928be-add7-4787-86e1-d1eb7311a01d-851x1024.jpg 851w, https:\/\/leichtathletik-in-frankenberg.de\/wp-content\/uploads\/2026\/01\/277928be-add7-4787-86e1-d1eb7311a01d-249x300.jpg 249w, https:\/\/leichtathletik-in-frankenberg.de\/wp-content\/uploads\/2026\/01\/277928be-add7-4787-86e1-d1eb7311a01d-768x924.jpg 768w, https:\/\/leichtathletik-in-frankenberg.de\/wp-content\/uploads\/2026\/01\/277928be-add7-4787-86e1-d1eb7311a01d.jpg 1079w\" sizes=\"auto, (max-width: 851px) 100vw, 851px\" \/><figcaption class=\"wp-element-caption\">Konnte bei den \u00c4lteren gut mithalten!<\/figcaption><\/figure>\n\n\n\n<p>Pauline Wilhelm ging in der gleichen Klasse \u00fcber 200m auf Tuchf\u00fchlung zu dem U20-Damen. <\/p>\n\n\n\n<figure class=\"wp-block-image size-large\"><img loading=\"lazy\" decoding=\"async\" width=\"651\" height=\"1024\" src=\"https:\/\/leichtathletik-in-frankenberg.de\/wp-content\/uploads\/2026\/01\/img_2087-651x1024.jpg\" class=\"wp-image-3861\" srcset=\"https:\/\/leichtathletik-in-frankenberg.de\/wp-content\/uploads\/2026\/01\/img_2087-651x1024.jpg 651w, https:\/\/leichtathletik-in-frankenberg.de\/wp-content\/uploads\/2026\/01\/img_2087-191x300.jpg 191w, https:\/\/leichtathletik-in-frankenberg.de\/wp-content\/uploads\/2026\/01\/img_2087-768x1208.jpg 768w, https:\/\/leichtathletik-in-frankenberg.de\/wp-content\/uploads\/2026\/01\/img_2087-977x1536.jpg 977w, https:\/\/leichtathletik-in-frankenberg.de\/wp-content\/uploads\/2026\/01\/img_2087.jpg 1125w\" sizes=\"auto, (max-width: 651px) 100vw, 651px\" \/><figcaption class=\"wp-element-caption\">Der Callroom &#8211; gleich geht\u2019s los!<\/figcaption><\/figure>\n\n\n\n<p>Auf der unbeliebten Innenbahn konnte Pauline eine starke 28,29 Sekunden liefern und war damit nochmal schneller als vorletzte Woche! <\/p>\n\n\n\n<p>Ihre Schnelligkeit durfte Sie dann zwei Stunden sp\u00e4ter mit der 4x 200m-Staffel nochmal unter Beweis stellen. <\/p>\n\n\n\n<p>Nach dem Ylva Eigenbrodt (Korbach) eine tolle Ausgangsposition erlief \u00fcbernahm Lara Stein das Staffelholz noch auf der Au\u00dfenbahn. Sie brachte nach einer sehr schnellen Runde und starkem Finish das Quartett in F\u00fchrung. Pauline lief eine weitere schnelle Runde und konnte auf gleicher H\u00f6he an Filiz Nolte \u00fcbergeben. Filiz setze sich an zweite Position und konnte im Schlussspurt gegen Spezialistin Eileen Jenner die L\u00fccke recht klein halten. Am Ende gab es eine sehr starke 1:49,52 Minuten &#8211; erstmals unter 1:50 Minuten mit der Startgemeinschaft. <\/p>\n\n\n\n<figure class=\"wp-block-image size-large\"><img loading=\"lazy\" decoding=\"async\" width=\"1024\" height=\"768\" src=\"https:\/\/leichtathletik-in-frankenberg.de\/wp-content\/uploads\/2026\/01\/b7260166-6073-43c3-8896-f879b032945b-1024x768.jpg\" class=\"wp-image-3862\" srcset=\"https:\/\/leichtathletik-in-frankenberg.de\/wp-content\/uploads\/2026\/01\/b7260166-6073-43c3-8896-f879b032945b-1024x768.jpg 1024w, https:\/\/leichtathletik-in-frankenberg.de\/wp-content\/uploads\/2026\/01\/b7260166-6073-43c3-8896-f879b032945b-300x225.jpg 300w, https:\/\/leichtathletik-in-frankenberg.de\/wp-content\/uploads\/2026\/01\/b7260166-6073-43c3-8896-f879b032945b-768x576.jpg 768w, https:\/\/leichtathletik-in-frankenberg.de\/wp-content\/uploads\/2026\/01\/b7260166-6073-43c3-8896-f879b032945b-1536x1152.jpg 1536w, https:\/\/leichtathletik-in-frankenberg.de\/wp-content\/uploads\/2026\/01\/b7260166-6073-43c3-8896-f879b032945b-400x300.jpg 400w, https:\/\/leichtathletik-in-frankenberg.de\/wp-content\/uploads\/2026\/01\/b7260166-6073-43c3-8896-f879b032945b.jpg 1600w\" sizes=\"auto, (max-width: 1024px) 100vw, 1024px\" \/><figcaption class=\"wp-element-caption\">Schnelles Quartett: <br>Ylva, Pauline, Filiz und Lara<\/figcaption><\/figure>\n\n\n\n<p><\/p>\n","protected":false},"excerpt":{"rendered":"<p>Am zweiten Tag ging Linus Stuhlmann als J\u00fcngster mit der 6kg-Kugel in der Altersklasse U20 in den Ring. Bei der bis zu zwei Jahre \u00e4lteren Konkurrenz legte er dabei eine solide Serie hin und konnte mit 11,78m einen guten siebten &hellip; <a href=\"https:\/\/leichtathletik-in-frankenberg.de\/?p=3863\">Weiterlesen <span class=\"meta-nav\">&rarr;<\/span><\/a><\/p>\n","protected":false},"author":3,"featured_media":0,"comment_status":"open","ping_status":"open","sticky":false,"template":"","format":"standard","meta":{"_jetpack_memberships_contains_paid_content":false,"footnotes":""},"categories":[3,5,6],"tags":[],"class_list":["post-3863","post","type-post","status-publish","format-standard","hentry","category-aktuelles-von-unseren-athleten","category-infos-von-der-abteilung","category-infos-zu-training-und-wettkaempfe"],"jetpack_featured_media_url":"","jetpack_sharing_enabled":true,"_links":{"self":[{"href":"https:\/\/leichtathletik-in-frankenberg.de\/index.php?rest_route=\/wp\/v2\/posts\/3863","targetHints":{"allow":["GET"]}}],"collection":[{"href":"https:\/\/leichtathletik-in-frankenberg.de\/index.php?rest_route=\/wp\/v2\/posts"}],"about":[{"href":"https:\/\/leichtathletik-in-frankenberg.de\/index.php?rest_route=\/wp\/v2\/types\/post"}],"author":[{"embeddable":true,"href":"https:\/\/leichtathletik-in-frankenberg.de\/index.php?rest_route=\/wp\/v2\/users\/3"}],"replies":[{"embeddable":true,"href":"https:\/\/leichtathletik-in-frankenberg.de\/index.php?rest_route=%2Fwp%2Fv2%2Fcomments&post=3863"}],"version-history":[{"count":0,"href":"https:\/\/leichtathletik-in-frankenberg.de\/index.php?rest_route=\/wp\/v2\/posts\/3863\/revisions"}],"wp:attachment":[{"href":"https:\/\/leichtathletik-in-frankenberg.de\/index.php?rest_route=%2Fwp%2Fv2%2Fmedia&parent=3863"}],"wp:term":[{"taxonomy":"category","embeddable":true,"href":"https:\/\/leichtathletik-in-frankenberg.de\/index.php?rest_route=%2Fwp%2Fv2%2Fcategories&post=3863"},{"taxonomy":"post_tag","embeddable":true,"href":"https:\/\/leichtathletik-in-frankenberg.de\/index.php?rest_route=%2Fwp%2Fv2%2Ftags&post=3863"}],"curies":[{"name":"wp","href":"https:\/\/api.w.org\/{rel}","templated":true}]}}