{"id":3822,"date":"2025-09-28T19:39:27","date_gmt":"2025-09-28T19:39:27","guid":{"rendered":"https:\/\/leichtathletik-in-frankenberg.de\/?p=3822"},"modified":"2025-09-29T03:47:41","modified_gmt":"2025-09-29T03:47:41","slug":"tolle-staffeln-machen-saisonabschluss-perfekt-alle-haben-geliefert","status":"publish","type":"post","link":"https:\/\/leichtathletik-in-frankenberg.de\/?p=3822","title":{"rendered":"Tolle Staffeln machen Saisonabschluss perfekt &#8211; alle haben \u201egeliefert\u201c"},"content":{"rendered":"\n<p>Bei den traditionellen Staffelmeisterschaften in Korbach gab es nochmal zahlreiche Siege, tolle Bahnk\u00e4mpfe und viele starke Leistungen.<\/p>\n\n\n\n<p>Unsere Jungs der U14 lieferten wieder ab! \u00dcber 4x75m lie\u00dfen die vier Herren nichts anbrennen und gewannen souver\u00e4n!<\/p>\n\n\n\n<figure class=\"wp-block-image size-large\"><img loading=\"lazy\" decoding=\"async\" width=\"1024\" height=\"768\" src=\"https:\/\/leichtathletik-in-frankenberg.de\/wp-content\/uploads\/2025\/09\/img_0922-1024x768.jpg\" alt=\"\" class=\"wp-image-3813\" srcset=\"https:\/\/leichtathletik-in-frankenberg.de\/wp-content\/uploads\/2025\/09\/img_0922-1024x768.jpg 1024w, https:\/\/leichtathletik-in-frankenberg.de\/wp-content\/uploads\/2025\/09\/img_0922-300x225.jpg 300w, https:\/\/leichtathletik-in-frankenberg.de\/wp-content\/uploads\/2025\/09\/img_0922-768x576.jpg 768w, https:\/\/leichtathletik-in-frankenberg.de\/wp-content\/uploads\/2025\/09\/img_0922-1536x1152.jpg 1536w, https:\/\/leichtathletik-in-frankenberg.de\/wp-content\/uploads\/2025\/09\/img_0922-400x300.jpg 400w, https:\/\/leichtathletik-in-frankenberg.de\/wp-content\/uploads\/2025\/09\/img_0922.jpg 2000w\" sizes=\"auto, (max-width: 1024px) 100vw, 1024px\" \/><figcaption class=\"wp-element-caption\">Schnelle F\u00fc\u00dfe: Bosse, Nils, Olaf und Collin<\/figcaption><\/figure>\n\n\n\n<p>\u00dcber 3x800m blieben unsere drei L\u00e4ufer ohne Mitstreiter aus anderen Vereinen und mischten daf\u00fcr die Damen-Staffeln etwas auf. Solide 800m von Nils brachten die Br\u00fcder Michel und Olaf auf guten Kurs. Olaf steigerte sich in der letzten Runde, \u00fcberlief noch die Damen der Startgemeinschaft und erzielte mit den Jungs eine Zeit unter den besten 11 Landesverband!  <\/p>\n\n\n\n<figure class=\"wp-block-image size-large\"><img loading=\"lazy\" decoding=\"async\" width=\"768\" height=\"1024\" src=\"https:\/\/leichtathletik-in-frankenberg.de\/wp-content\/uploads\/2025\/09\/img_0941-768x1024.jpg\" alt=\"\" class=\"wp-image-3814\" srcset=\"https:\/\/leichtathletik-in-frankenberg.de\/wp-content\/uploads\/2025\/09\/img_0941-768x1024.jpg 768w, https:\/\/leichtathletik-in-frankenberg.de\/wp-content\/uploads\/2025\/09\/img_0941-225x300.jpg 225w, https:\/\/leichtathletik-in-frankenberg.de\/wp-content\/uploads\/2025\/09\/img_0941-1152x1536.jpg 1152w, https:\/\/leichtathletik-in-frankenberg.de\/wp-content\/uploads\/2025\/09\/img_0941.jpg 1500w\" sizes=\"auto, (max-width: 768px) 100vw, 768px\" \/><figcaption class=\"wp-element-caption\">Starker Lauf: Nils, Michael und Olaf<\/figcaption><\/figure>\n\n\n\n<p>In der U16 gingen gleich drei Staffeln der Startgemeinschaft an den Start.<\/p>\n\n\n\n<p>Davon war eine Staffel ausschlie\u00dflich mit Frankenberger Damen im Einsatz. Als Startl\u00e4uferin brachte Luise Schelberger den Stab gut durch die Kurve und wechselte sauber auf Lara Stein. Diese holt den Abstand zur \u201eKorbacher\u201c Staffel und lieferte einen guten Wechsel auf Filiz Nolte. Sie zog in der Kurve an den Korbacher Damen vorbei und konnte in F\u00fchrung auf Emilia \u00fcbergeben. Emilia lie\u00df da nichts mehr anbringen und baute den Vorsprung sogar aus. Im Ziel gab es eine solide 52,19s und damit die schnelle Frauenstaffel der Meisterschaften. <\/p>\n\n\n\n<figure class=\"wp-block-image size-large\"><img loading=\"lazy\" decoding=\"async\" width=\"768\" height=\"1024\" src=\"https:\/\/leichtathletik-in-frankenberg.de\/wp-content\/uploads\/2025\/09\/img_0926-768x1024.jpg\" alt=\"\" class=\"wp-image-3819\" srcset=\"https:\/\/leichtathletik-in-frankenberg.de\/wp-content\/uploads\/2025\/09\/img_0926-768x1024.jpg 768w, https:\/\/leichtathletik-in-frankenberg.de\/wp-content\/uploads\/2025\/09\/img_0926-225x300.jpg 225w, https:\/\/leichtathletik-in-frankenberg.de\/wp-content\/uploads\/2025\/09\/img_0926-1152x1536.jpg 1152w, https:\/\/leichtathletik-in-frankenberg.de\/wp-content\/uploads\/2025\/09\/img_0926.jpg 1500w\" sizes=\"auto, (max-width: 768px) 100vw, 768px\" \/><figcaption class=\"wp-element-caption\">Luise, Filiz, Lara und Emilia<\/figcaption><\/figure>\n\n\n\n<p>In der U20 zauberten Stine Bergh\u00f6fer und Pauline Wilhelm einen guten Wechsel hin und liefen so mit den Korbacher Damen Lisa Schiffmann und Karolina Bauer nach guten 52,48s ins Ziel. <\/p>\n\n\n\n<figure class=\"wp-block-image size-large\"><img loading=\"lazy\" decoding=\"async\" width=\"768\" height=\"1024\" src=\"https:\/\/leichtathletik-in-frankenberg.de\/wp-content\/uploads\/2025\/09\/img_0929-768x1024.jpg\" alt=\"\" class=\"wp-image-3820\" srcset=\"https:\/\/leichtathletik-in-frankenberg.de\/wp-content\/uploads\/2025\/09\/img_0929-768x1024.jpg 768w, https:\/\/leichtathletik-in-frankenberg.de\/wp-content\/uploads\/2025\/09\/img_0929-225x300.jpg 225w, https:\/\/leichtathletik-in-frankenberg.de\/wp-content\/uploads\/2025\/09\/img_0929-1152x1536.jpg 1152w, https:\/\/leichtathletik-in-frankenberg.de\/wp-content\/uploads\/2025\/09\/img_0929.jpg 1500w\" sizes=\"auto, (max-width: 768px) 100vw, 768px\" \/><figcaption class=\"wp-element-caption\">Pauline, Karolina, Stine und Lisa (V.l.)<\/figcaption><\/figure>\n\n\n\n<p>Janina M\u00fcller verst\u00e4rkte die Damenstaffel um Sophia Schiffmann, Alina Behle und Lara Nagel. Die Damen kamen nach 53,37m und zwei nicht optimalen Wechseln ins Ziel.<\/p>\n\n\n\n<figure class=\"wp-block-image size-large\"><img loading=\"lazy\" decoding=\"async\" width=\"768\" height=\"1024\" src=\"https:\/\/leichtathletik-in-frankenberg.de\/wp-content\/uploads\/2025\/09\/img_0930-768x1024.jpg\" alt=\"\" class=\"wp-image-3821\" srcset=\"https:\/\/leichtathletik-in-frankenberg.de\/wp-content\/uploads\/2025\/09\/img_0930-768x1024.jpg 768w, https:\/\/leichtathletik-in-frankenberg.de\/wp-content\/uploads\/2025\/09\/img_0930-225x300.jpg 225w, https:\/\/leichtathletik-in-frankenberg.de\/wp-content\/uploads\/2025\/09\/img_0930-1152x1536.jpg 1152w, https:\/\/leichtathletik-in-frankenberg.de\/wp-content\/uploads\/2025\/09\/img_0930.jpg 1500w\" sizes=\"auto, (max-width: 768px) 100vw, 768px\" \/><figcaption class=\"wp-element-caption\">Janina mit Lara, Alina und Sophia (V.l.)<\/figcaption><\/figure>\n\n\n\n<p>\u00dcber 4x400m waren heute gleich Sieben Frankenberger Damen im Einsatz. Eine reine FKB-Staffel bestand aus Luise Schelberger, Stine Bergh\u00f6fer, Sophia Priester und Lara Bornscheuer. Dieses Quartett kam nach 4:53,67 Min ins Ziel. <\/p>\n\n\n\n<figure class=\"wp-block-image size-large\"><img loading=\"lazy\" decoding=\"async\" width=\"768\" height=\"1024\" src=\"https:\/\/leichtathletik-in-frankenberg.de\/wp-content\/uploads\/2025\/09\/img_0939-768x1024.jpg\" alt=\"\" class=\"wp-image-3817\" srcset=\"https:\/\/leichtathletik-in-frankenberg.de\/wp-content\/uploads\/2025\/09\/img_0939-768x1024.jpg 768w, https:\/\/leichtathletik-in-frankenberg.de\/wp-content\/uploads\/2025\/09\/img_0939-225x300.jpg 225w, https:\/\/leichtathletik-in-frankenberg.de\/wp-content\/uploads\/2025\/09\/img_0939-1152x1536.jpg 1152w, https:\/\/leichtathletik-in-frankenberg.de\/wp-content\/uploads\/2025\/09\/img_0939.jpg 1500w\" sizes=\"auto, (max-width: 768px) 100vw, 768px\" \/><figcaption class=\"wp-element-caption\">Sophia, Lara, Stine und Luise (V.l.)<\/figcaption><\/figure>\n\n\n\n<p>Filiz und Pauline liefen mit den Korbacher Ylva Eigenbrodt und Lisa Schiffmann starke 4:33,34 Min.<\/p>\n\n\n\n<p>Janina lief mit den Damen Alina, Karolina und Denise (aus Korbach) ansprechende 4:40,66 Minuten. <\/p>\n\n\n\n<figure class=\"wp-block-image size-large\"><img loading=\"lazy\" decoding=\"async\" width=\"1024\" height=\"768\" src=\"https:\/\/leichtathletik-in-frankenberg.de\/wp-content\/uploads\/2025\/09\/img_0946-1-1024x768.jpg\" alt=\"\" class=\"wp-image-3818\" srcset=\"https:\/\/leichtathletik-in-frankenberg.de\/wp-content\/uploads\/2025\/09\/img_0946-1-1024x768.jpg 1024w, https:\/\/leichtathletik-in-frankenberg.de\/wp-content\/uploads\/2025\/09\/img_0946-1-300x225.jpg 300w, https:\/\/leichtathletik-in-frankenberg.de\/wp-content\/uploads\/2025\/09\/img_0946-1-768x576.jpg 768w, https:\/\/leichtathletik-in-frankenberg.de\/wp-content\/uploads\/2025\/09\/img_0946-1-1536x1152.jpg 1536w, https:\/\/leichtathletik-in-frankenberg.de\/wp-content\/uploads\/2025\/09\/img_0946-1-400x300.jpg 400w, https:\/\/leichtathletik-in-frankenberg.de\/wp-content\/uploads\/2025\/09\/img_0946-1.jpg 2000w\" sizes=\"auto, (max-width: 1024px) 100vw, 1024px\" \/><figcaption class=\"wp-element-caption\">Janina (stehend ganz links) und<br \/>U20 4&#215;4 mit Lisa, Pauline, Filiz und Ylva (kniend)<\/figcaption><\/figure>\n\n\n\n<p>Unsere U14-L\u00e4uferin Lotte Freitag konnte mit Verena und Charlotta aus Korbach eine 3x800m in der U16 bilden. Als j\u00fcngste Teilnehmerin lieferte Lotte ein tolles Finale, die drei Damen geh\u00f6ren damit zu den besten Acht in Hessen. <\/p>\n\n\n\n<figure class=\"wp-block-image size-large\"><img loading=\"lazy\" decoding=\"async\" width=\"768\" height=\"1024\" src=\"https:\/\/leichtathletik-in-frankenberg.de\/wp-content\/uploads\/2025\/09\/img_0949-768x1024.jpg\" alt=\"\" class=\"wp-image-3815\" srcset=\"https:\/\/leichtathletik-in-frankenberg.de\/wp-content\/uploads\/2025\/09\/img_0949-768x1024.jpg 768w, https:\/\/leichtathletik-in-frankenberg.de\/wp-content\/uploads\/2025\/09\/img_0949-225x300.jpg 225w, https:\/\/leichtathletik-in-frankenberg.de\/wp-content\/uploads\/2025\/09\/img_0949-1152x1536.jpg 1152w, https:\/\/leichtathletik-in-frankenberg.de\/wp-content\/uploads\/2025\/09\/img_0949.jpg 1500w\" sizes=\"auto, (max-width: 768px) 100vw, 768px\" \/><figcaption class=\"wp-element-caption\">Verena. Charlotta und Lotte<\/figcaption><\/figure>\n\n\n\n<p>Noch schneller war das Trio Sophia Bangert, Emilia Herliz und Lara Stein. Im Ziel fehlten in 7:47,95 Minuten nur 1,5 Sekunden zur Hessischen Poleposition (Wiesbadener LV).<\/p>\n\n\n\n<figure class=\"wp-block-image size-large\"><img loading=\"lazy\" decoding=\"async\" width=\"1024\" height=\"768\" src=\"https:\/\/leichtathletik-in-frankenberg.de\/wp-content\/uploads\/2025\/09\/img_0946-1024x768.jpg\" alt=\"\" class=\"wp-image-3816\" srcset=\"https:\/\/leichtathletik-in-frankenberg.de\/wp-content\/uploads\/2025\/09\/img_0946-1024x768.jpg 1024w, https:\/\/leichtathletik-in-frankenberg.de\/wp-content\/uploads\/2025\/09\/img_0946-300x225.jpg 300w, https:\/\/leichtathletik-in-frankenberg.de\/wp-content\/uploads\/2025\/09\/img_0946-768x576.jpg 768w, https:\/\/leichtathletik-in-frankenberg.de\/wp-content\/uploads\/2025\/09\/img_0946-1536x1152.jpg 1536w, https:\/\/leichtathletik-in-frankenberg.de\/wp-content\/uploads\/2025\/09\/img_0946-400x300.jpg 400w, https:\/\/leichtathletik-in-frankenberg.de\/wp-content\/uploads\/2025\/09\/img_0946.jpg 2000w\" sizes=\"auto, (max-width: 1024px) 100vw, 1024px\" \/><figcaption class=\"wp-element-caption\">Stehend rechts im Bild: Lara, Emilia und Sophia<\/figcaption><\/figure>\n\n\n\n<p><\/p>\n","protected":false},"excerpt":{"rendered":"<p>Bei den traditionellen Staffelmeisterschaften in Korbach gab es nochmal zahlreiche Siege, tolle Bahnk\u00e4mpfe und viele starke Leistungen. Unsere Jungs der U14 lieferten wieder ab! \u00dcber 4x75m lie\u00dfen die vier Herren nichts anbrennen und gewannen souver\u00e4n! \u00dcber 3x800m blieben unsere drei &hellip; <a href=\"https:\/\/leichtathletik-in-frankenberg.de\/?p=3822\">Weiterlesen <span class=\"meta-nav\">&rarr;<\/span><\/a><\/p>\n","protected":false},"author":3,"featured_media":0,"comment_status":"open","ping_status":"open","sticky":false,"template":"","format":"standard","meta":{"_jetpack_memberships_contains_paid_content":false,"footnotes":""},"categories":[3,6],"tags":[],"class_list":["post-3822","post","type-post","status-publish","format-standard","hentry","category-aktuelles-von-unseren-athleten","category-infos-zu-training-und-wettkaempfe"],"jetpack_featured_media_url":"","jetpack_sharing_enabled":true,"_links":{"self":[{"href":"https:\/\/leichtathletik-in-frankenberg.de\/index.php?rest_route=\/wp\/v2\/posts\/3822","targetHints":{"allow":["GET"]}}],"collection":[{"href":"https:\/\/leichtathletik-in-frankenberg.de\/index.php?rest_route=\/wp\/v2\/posts"}],"about":[{"href":"https:\/\/leichtathletik-in-frankenberg.de\/index.php?rest_route=\/wp\/v2\/types\/post"}],"author":[{"embeddable":true,"href":"https:\/\/leichtathletik-in-frankenberg.de\/index.php?rest_route=\/wp\/v2\/users\/3"}],"replies":[{"embeddable":true,"href":"https:\/\/leichtathletik-in-frankenberg.de\/index.php?rest_route=%2Fwp%2Fv2%2Fcomments&post=3822"}],"version-history":[{"count":1,"href":"https:\/\/leichtathletik-in-frankenberg.de\/index.php?rest_route=\/wp\/v2\/posts\/3822\/revisions"}],"predecessor-version":[{"id":3823,"href":"https:\/\/leichtathletik-in-frankenberg.de\/index.php?rest_route=\/wp\/v2\/posts\/3822\/revisions\/3823"}],"wp:attachment":[{"href":"https:\/\/leichtathletik-in-frankenberg.de\/index.php?rest_route=%2Fwp%2Fv2%2Fmedia&parent=3822"}],"wp:term":[{"taxonomy":"category","embeddable":true,"href":"https:\/\/leichtathletik-in-frankenberg.de\/index.php?rest_route=%2Fwp%2Fv2%2Fcategories&post=3822"},{"taxonomy":"post_tag","embeddable":true,"href":"https:\/\/leichtathletik-in-frankenberg.de\/index.php?rest_route=%2Fwp%2Fv2%2Ftags&post=3822"}],"curies":[{"name":"wp","href":"https:\/\/api.w.org\/{rel}","templated":true}]}}