{"id":3809,"date":"2025-09-21T12:39:46","date_gmt":"2025-09-21T12:39:46","guid":{"rendered":"https:\/\/leichtathletik-in-frankenberg.de\/?p=3809"},"modified":"2025-09-21T12:39:46","modified_gmt":"2025-09-21T12:39:46","slug":"auswerfen-beim-regen-von-hofgeismar","status":"publish","type":"post","link":"https:\/\/leichtathletik-in-frankenberg.de\/?p=3809","title":{"rendered":"Auswerfen beim Regen von Hofgeismar"},"content":{"rendered":"\n<p>Die letzte W\u00fcrfe der Saison absolvierten Linus Stuhlmann und Tiago Siegfried nochmal in Hofgeismar. <\/p>\n\n\n\n<p>Tiago warf im wassergef\u00fcllten Diskusring zwei Mal den 1,75kg-Diskus \u00fcber 34m.<\/p>\n\n\n\n<p>Linus schleuderte im letzten Versuch den 1,5kg-Diskus auf solide 39,75m.<\/p>\n\n\n\n<p>Mit dem Speer kam Linus auf 42,14m und blieb damit durch die N\u00e4sse doch einiges unter der Bestweite. <\/p>\n\n\n\n<p>Mit der 5-kg Kugel kam er auf gute 13,01m.<\/p>\n\n\n\n<p>Jetzt hei\u00dft es f\u00fcr beide eine Pause einlegen und dem K\u00f6rper etwas Ruhe g\u00f6nnen, bevor es ins Aufbautraining 2026 geht! <\/p>\n\n\n\n<figure class=\"wp-block-image size-large\"><img loading=\"lazy\" decoding=\"async\" width=\"768\" height=\"1024\" src=\"https:\/\/leichtathletik-in-frankenberg.de\/wp-content\/uploads\/2025\/09\/96550fe5-4071-4ffc-9ab0-f555e1548005-768x1024.jpg\" class=\"wp-image-3808\" srcset=\"https:\/\/leichtathletik-in-frankenberg.de\/wp-content\/uploads\/2025\/09\/96550fe5-4071-4ffc-9ab0-f555e1548005-768x1024.jpg 768w, https:\/\/leichtathletik-in-frankenberg.de\/wp-content\/uploads\/2025\/09\/96550fe5-4071-4ffc-9ab0-f555e1548005-225x300.jpg 225w, https:\/\/leichtathletik-in-frankenberg.de\/wp-content\/uploads\/2025\/09\/96550fe5-4071-4ffc-9ab0-f555e1548005-1152x1536.jpg 1152w, https:\/\/leichtathletik-in-frankenberg.de\/wp-content\/uploads\/2025\/09\/96550fe5-4071-4ffc-9ab0-f555e1548005.jpg 1200w\" sizes=\"auto, (max-width: 768px) 100vw, 768px\" \/><figcaption class=\"wp-element-caption\">Tiago und Linus mit solidem <br>Saisonende im Regen<\/figcaption><\/figure>\n\n\n\n<p><\/p>\n","protected":false},"excerpt":{"rendered":"<p>Die letzte W\u00fcrfe der Saison absolvierten Linus Stuhlmann und Tiago Siegfried nochmal in Hofgeismar. Tiago warf im wassergef\u00fcllten Diskusring zwei Mal den 1,75kg-Diskus \u00fcber 34m. Linus schleuderte im letzten Versuch den 1,5kg-Diskus auf solide 39,75m. Mit dem Speer kam Linus &hellip; <a href=\"https:\/\/leichtathletik-in-frankenberg.de\/?p=3809\">Weiterlesen <span class=\"meta-nav\">&rarr;<\/span><\/a><\/p>\n","protected":false},"author":3,"featured_media":0,"comment_status":"open","ping_status":"open","sticky":false,"template":"","format":"standard","meta":{"_jetpack_memberships_contains_paid_content":false,"footnotes":""},"categories":[3,5],"tags":[],"class_list":["post-3809","post","type-post","status-publish","format-standard","hentry","category-aktuelles-von-unseren-athleten","category-infos-von-der-abteilung"],"jetpack_featured_media_url":"","jetpack_sharing_enabled":true,"_links":{"self":[{"href":"https:\/\/leichtathletik-in-frankenberg.de\/index.php?rest_route=\/wp\/v2\/posts\/3809","targetHints":{"allow":["GET"]}}],"collection":[{"href":"https:\/\/leichtathletik-in-frankenberg.de\/index.php?rest_route=\/wp\/v2\/posts"}],"about":[{"href":"https:\/\/leichtathletik-in-frankenberg.de\/index.php?rest_route=\/wp\/v2\/types\/post"}],"author":[{"embeddable":true,"href":"https:\/\/leichtathletik-in-frankenberg.de\/index.php?rest_route=\/wp\/v2\/users\/3"}],"replies":[{"embeddable":true,"href":"https:\/\/leichtathletik-in-frankenberg.de\/index.php?rest_route=%2Fwp%2Fv2%2Fcomments&post=3809"}],"version-history":[{"count":0,"href":"https:\/\/leichtathletik-in-frankenberg.de\/index.php?rest_route=\/wp\/v2\/posts\/3809\/revisions"}],"wp:attachment":[{"href":"https:\/\/leichtathletik-in-frankenberg.de\/index.php?rest_route=%2Fwp%2Fv2%2Fmedia&parent=3809"}],"wp:term":[{"taxonomy":"category","embeddable":true,"href":"https:\/\/leichtathletik-in-frankenberg.de\/index.php?rest_route=%2Fwp%2Fv2%2Fcategories&post=3809"},{"taxonomy":"post_tag","embeddable":true,"href":"https:\/\/leichtathletik-in-frankenberg.de\/index.php?rest_route=%2Fwp%2Fv2%2Ftags&post=3809"}],"curies":[{"name":"wp","href":"https:\/\/api.w.org\/{rel}","templated":true}]}}