{"id":1898,"date":"2021-11-06T15:47:58","date_gmt":"2021-11-06T15:47:58","guid":{"rendered":"https:\/\/leichtathletik-in-frankenberg.de\/?p=1898"},"modified":"2021-11-06T15:51:28","modified_gmt":"2021-11-06T15:51:28","slug":"titel-bei-kreis-crossmeisterschaften","status":"publish","type":"post","link":"https:\/\/leichtathletik-in-frankenberg.de\/?p=1898","title":{"rendered":"Titel bei Kreis-Crossmeisterschaften"},"content":{"rendered":"\n<p>F\u00fcnf Frankenberger starteten erfolgreich bei den Kreismeisterschaften im Crosslauf in Wirmighausen.<\/p>\n\n\n\n<p>Erstmals am Start war Marx Vollmar in der U10. Er absolvierte die Crossrunde mit zwei Steigerungen und ca. 1000m. Verhalten am Start \u00fcberholte Marx \u00fcber die H\u00e4lfte des Feldes am ersten Anstieg und lieferte sich zum Schluss ein Duell mit einem Mitl\u00e4ufer. Auf der letzten Geraden konnte er nochmal Kr\u00e4fte mobilisieren und belegte im Ranking Platz 4 der M9.<\/p>\n\n\n\n<figure class=\"wp-block-image size-large\"><img loading=\"lazy\" decoding=\"async\" width=\"1024\" height=\"768\" src=\"https:\/\/leichtathletik-in-frankenberg.de\/wp-content\/uploads\/2021\/11\/img_3704-1024x768.jpg\" alt=\"\" class=\"wp-image-1896\" srcset=\"https:\/\/leichtathletik-in-frankenberg.de\/wp-content\/uploads\/2021\/11\/img_3704-1024x768.jpg 1024w, https:\/\/leichtathletik-in-frankenberg.de\/wp-content\/uploads\/2021\/11\/img_3704-300x225.jpg 300w, https:\/\/leichtathletik-in-frankenberg.de\/wp-content\/uploads\/2021\/11\/img_3704-768x576.jpg 768w, https:\/\/leichtathletik-in-frankenberg.de\/wp-content\/uploads\/2021\/11\/img_3704-1536x1152.jpg 1536w, https:\/\/leichtathletik-in-frankenberg.de\/wp-content\/uploads\/2021\/11\/img_3704-2048x1536.jpg 2048w, https:\/\/leichtathletik-in-frankenberg.de\/wp-content\/uploads\/2021\/11\/img_3704-400x300.jpg 400w\" sizes=\"auto, (max-width: 1024px) 100vw, 1024px\" \/><\/figure>\n\n\n\n<figure class=\"wp-block-image size-large\"><img loading=\"lazy\" decoding=\"async\" width=\"768\" height=\"1024\" src=\"https:\/\/leichtathletik-in-frankenberg.de\/wp-content\/uploads\/2021\/11\/img_3714-768x1024.jpg\" alt=\"\" class=\"wp-image-1897\" srcset=\"https:\/\/leichtathletik-in-frankenberg.de\/wp-content\/uploads\/2021\/11\/img_3714-768x1024.jpg 768w, https:\/\/leichtathletik-in-frankenberg.de\/wp-content\/uploads\/2021\/11\/img_3714-225x300.jpg 225w, https:\/\/leichtathletik-in-frankenberg.de\/wp-content\/uploads\/2021\/11\/img_3714-1152x1536.jpg 1152w, https:\/\/leichtathletik-in-frankenberg.de\/wp-content\/uploads\/2021\/11\/img_3714-1536x2048.jpg 1536w, https:\/\/leichtathletik-in-frankenberg.de\/wp-content\/uploads\/2021\/11\/img_3714-scaled.jpg 1920w\" sizes=\"auto, (max-width: 768px) 100vw, 768px\" \/><\/figure>\n\n\n\n<p>Bei der W11 ging unser Lauf-Trio Paula Hartmann, Malin Materna und Filiz Nolte ins Rennen. Mit etwas Lauferfahrung liefen alle drei gleich zu Beginn noch vor dem ersten Anstieg mit nach vorne in die Spitzengruppe. <\/p>\n\n\n\n<figure class=\"wp-block-image size-large\"><img loading=\"lazy\" decoding=\"async\" width=\"1024\" height=\"768\" src=\"https:\/\/leichtathletik-in-frankenberg.de\/wp-content\/uploads\/2021\/11\/img_3721-1024x768.jpg\" alt=\"\" class=\"wp-image-1894\" srcset=\"https:\/\/leichtathletik-in-frankenberg.de\/wp-content\/uploads\/2021\/11\/img_3721-1024x768.jpg 1024w, https:\/\/leichtathletik-in-frankenberg.de\/wp-content\/uploads\/2021\/11\/img_3721-300x225.jpg 300w, https:\/\/leichtathletik-in-frankenberg.de\/wp-content\/uploads\/2021\/11\/img_3721-768x576.jpg 768w, https:\/\/leichtathletik-in-frankenberg.de\/wp-content\/uploads\/2021\/11\/img_3721-1536x1152.jpg 1536w, https:\/\/leichtathletik-in-frankenberg.de\/wp-content\/uploads\/2021\/11\/img_3721-2048x1536.jpg 2048w, https:\/\/leichtathletik-in-frankenberg.de\/wp-content\/uploads\/2021\/11\/img_3721-400x300.jpg 400w\" sizes=\"auto, (max-width: 1024px) 100vw, 1024px\" \/><\/figure>\n\n\n\n<p>Einzig Lara Stein (LG Eder) blieb vorne an der Spitze. Danach war es ein vereinsinterner Wettkampf um die Pl\u00e4tze 2-4. Im mittleren Streckenabschnitt setzte sich hier Filiz auf Platz 2. <\/p>\n\n\n\n<p>Malin und Paula reihten sich mit dem dritten und vierten Platz dahinter ein. Ein tolles Rennen unseres Trios. <\/p>\n\n\n\n<p>Der entsprechende Lohn war der Titelgewinn, die Kreismeisterschaft in der Mannschaftswertung! <\/p>\n\n\n\n<figure class=\"wp-block-image size-large\"><img loading=\"lazy\" decoding=\"async\" width=\"461\" height=\"1024\" src=\"https:\/\/leichtathletik-in-frankenberg.de\/wp-content\/uploads\/2021\/11\/d1237ee8-c4b2-4970-99e5-7d0457ddc7ed-461x1024.jpg\" alt=\"\" class=\"wp-image-1892\" srcset=\"https:\/\/leichtathletik-in-frankenberg.de\/wp-content\/uploads\/2021\/11\/d1237ee8-c4b2-4970-99e5-7d0457ddc7ed-461x1024.jpg 461w, https:\/\/leichtathletik-in-frankenberg.de\/wp-content\/uploads\/2021\/11\/d1237ee8-c4b2-4970-99e5-7d0457ddc7ed-135x300.jpg 135w, https:\/\/leichtathletik-in-frankenberg.de\/wp-content\/uploads\/2021\/11\/d1237ee8-c4b2-4970-99e5-7d0457ddc7ed-691x1536.jpg 691w, https:\/\/leichtathletik-in-frankenberg.de\/wp-content\/uploads\/2021\/11\/d1237ee8-c4b2-4970-99e5-7d0457ddc7ed.jpg 720w\" sizes=\"auto, (max-width: 461px) 100vw, 461px\" \/><\/figure>\n\n\n\n<p>Einen weitere Vizemeisterschaft gewann Lara Bornscheuer in der W13. Lara musste die doppelte Distanz zur\u00fccklegen. Das meisterte Sie aber richtig gut! Die rund 2km lange Doppelrunde lief Lara in 8:57min.<\/p>\n\n\n\n<figure class=\"wp-block-image size-large\"><img loading=\"lazy\" decoding=\"async\" width=\"768\" height=\"1024\" src=\"https:\/\/leichtathletik-in-frankenberg.de\/wp-content\/uploads\/2021\/11\/deb7e93b-cba8-4397-8f66-81c457f5986d-768x1024.jpg\" alt=\"\" class=\"wp-image-1891\" srcset=\"https:\/\/leichtathletik-in-frankenberg.de\/wp-content\/uploads\/2021\/11\/deb7e93b-cba8-4397-8f66-81c457f5986d-768x1024.jpg 768w, https:\/\/leichtathletik-in-frankenberg.de\/wp-content\/uploads\/2021\/11\/deb7e93b-cba8-4397-8f66-81c457f5986d-225x300.jpg 225w, https:\/\/leichtathletik-in-frankenberg.de\/wp-content\/uploads\/2021\/11\/deb7e93b-cba8-4397-8f66-81c457f5986d-1152x1536.jpg 1152w, https:\/\/leichtathletik-in-frankenberg.de\/wp-content\/uploads\/2021\/11\/deb7e93b-cba8-4397-8f66-81c457f5986d.jpg 1200w\" sizes=\"auto, (max-width: 768px) 100vw, 768px\" \/><\/figure>\n\n\n\n<p>Damit musste Sie nur eine L\u00e4uferin ziehen lassen und konnte die Vizemeisterschaft nach Hause holen.<\/p>\n\n\n\n<figure class=\"wp-block-image size-large\"><img loading=\"lazy\" decoding=\"async\" width=\"768\" height=\"1024\" src=\"https:\/\/leichtathletik-in-frankenberg.de\/wp-content\/uploads\/2021\/11\/4dd93c98-04ec-4195-a7fd-707cea6ac2f6-768x1024.jpg\" alt=\"\" class=\"wp-image-1895\" srcset=\"https:\/\/leichtathletik-in-frankenberg.de\/wp-content\/uploads\/2021\/11\/4dd93c98-04ec-4195-a7fd-707cea6ac2f6-768x1024.jpg 768w, https:\/\/leichtathletik-in-frankenberg.de\/wp-content\/uploads\/2021\/11\/4dd93c98-04ec-4195-a7fd-707cea6ac2f6-225x300.jpg 225w, https:\/\/leichtathletik-in-frankenberg.de\/wp-content\/uploads\/2021\/11\/4dd93c98-04ec-4195-a7fd-707cea6ac2f6-1152x1536.jpg 1152w, https:\/\/leichtathletik-in-frankenberg.de\/wp-content\/uploads\/2021\/11\/4dd93c98-04ec-4195-a7fd-707cea6ac2f6.jpg 1200w\" sizes=\"auto, (max-width: 768px) 100vw, 768px\" \/><\/figure>\n\n\n\n<p><\/p>\n\n\n\n<p>Gl\u00fcckwunsch an unsere f\u00fcnf erfolgreichen TeilnehmerInnen!<\/p>\n\n\n\n<figure class=\"wp-block-image size-large\"><img loading=\"lazy\" decoding=\"async\" width=\"1024\" height=\"768\" src=\"https:\/\/leichtathletik-in-frankenberg.de\/wp-content\/uploads\/2021\/11\/461466e2-b917-4c01-9f0e-e450e7bbe928-1024x768.jpg\" alt=\"\" class=\"wp-image-1890\" srcset=\"https:\/\/leichtathletik-in-frankenberg.de\/wp-content\/uploads\/2021\/11\/461466e2-b917-4c01-9f0e-e450e7bbe928-1024x768.jpg 1024w, https:\/\/leichtathletik-in-frankenberg.de\/wp-content\/uploads\/2021\/11\/461466e2-b917-4c01-9f0e-e450e7bbe928-300x225.jpg 300w, https:\/\/leichtathletik-in-frankenberg.de\/wp-content\/uploads\/2021\/11\/461466e2-b917-4c01-9f0e-e450e7bbe928-768x576.jpg 768w, https:\/\/leichtathletik-in-frankenberg.de\/wp-content\/uploads\/2021\/11\/461466e2-b917-4c01-9f0e-e450e7bbe928-1536x1152.jpg 1536w, https:\/\/leichtathletik-in-frankenberg.de\/wp-content\/uploads\/2021\/11\/461466e2-b917-4c01-9f0e-e450e7bbe928-400x300.jpg 400w, https:\/\/leichtathletik-in-frankenberg.de\/wp-content\/uploads\/2021\/11\/461466e2-b917-4c01-9f0e-e450e7bbe928.jpg 1600w\" sizes=\"auto, (max-width: 1024px) 100vw, 1024px\" \/><\/figure>\n","protected":false},"excerpt":{"rendered":"<p>F\u00fcnf Frankenberger starteten erfolgreich bei den Kreismeisterschaften im Crosslauf in Wirmighausen. Erstmals am Start war Marx Vollmar in der U10. Er absolvierte die Crossrunde mit zwei Steigerungen und ca. 1000m. Verhalten am Start \u00fcberholte Marx \u00fcber die H\u00e4lfte des Feldes &hellip; <a href=\"https:\/\/leichtathletik-in-frankenberg.de\/?p=1898\">Weiterlesen <span class=\"meta-nav\">&rarr;<\/span><\/a><\/p>\n","protected":false},"author":3,"featured_media":0,"comment_status":"open","ping_status":"open","sticky":false,"template":"","format":"standard","meta":{"_jetpack_memberships_contains_paid_content":false,"footnotes":""},"categories":[3,6],"tags":[],"class_list":["post-1898","post","type-post","status-publish","format-standard","hentry","category-aktuelles-von-unseren-athleten","category-infos-zu-training-und-wettkaempfe"],"jetpack_featured_media_url":"","jetpack_sharing_enabled":true,"_links":{"self":[{"href":"https:\/\/leichtathletik-in-frankenberg.de\/index.php?rest_route=\/wp\/v2\/posts\/1898","targetHints":{"allow":["GET"]}}],"collection":[{"href":"https:\/\/leichtathletik-in-frankenberg.de\/index.php?rest_route=\/wp\/v2\/posts"}],"about":[{"href":"https:\/\/leichtathletik-in-frankenberg.de\/index.php?rest_route=\/wp\/v2\/types\/post"}],"author":[{"embeddable":true,"href":"https:\/\/leichtathletik-in-frankenberg.de\/index.php?rest_route=\/wp\/v2\/users\/3"}],"replies":[{"embeddable":true,"href":"https:\/\/leichtathletik-in-frankenberg.de\/index.php?rest_route=%2Fwp%2Fv2%2Fcomments&post=1898"}],"version-history":[{"count":2,"href":"https:\/\/leichtathletik-in-frankenberg.de\/index.php?rest_route=\/wp\/v2\/posts\/1898\/revisions"}],"predecessor-version":[{"id":1900,"href":"https:\/\/leichtathletik-in-frankenberg.de\/index.php?rest_route=\/wp\/v2\/posts\/1898\/revisions\/1900"}],"wp:attachment":[{"href":"https:\/\/leichtathletik-in-frankenberg.de\/index.php?rest_route=%2Fwp%2Fv2%2Fmedia&parent=1898"}],"wp:term":[{"taxonomy":"category","embeddable":true,"href":"https:\/\/leichtathletik-in-frankenberg.de\/index.php?rest_route=%2Fwp%2Fv2%2Fcategories&post=1898"},{"taxonomy":"post_tag","embeddable":true,"href":"https:\/\/leichtathletik-in-frankenberg.de\/index.php?rest_route=%2Fwp%2Fv2%2Ftags&post=1898"}],"curies":[{"name":"wp","href":"https:\/\/api.w.org\/{rel}","templated":true}]}}